{"id":3962,"date":"2015-09-07T18:03:26","date_gmt":"2015-09-07T18:03:26","guid":{"rendered":"https:\/\/armstrongyregion.com.ar\/diario\/?p=3962"},"modified":"2015-09-07T18:03:26","modified_gmt":"2015-09-07T18:03:26","slug":"dirigentes-de-la-u-o-m-en-el-festejo-del-dia-del-metalurgico","status":"publish","type":"post","link":"https:\/\/armstrongyregion.com.ar\/diario\/dirigentes-de-la-u-o-m-en-el-festejo-del-dia-del-metalurgico\/","title":{"rendered":"Dirigentes de la U.O.M. en el Festejo del D\u00eda del Metal\u00fargico."},"content":{"rendered":"<p><a href=\"http:\/\/armstrongyregion.com.ar\/diario\/wp-content\/uploads\/2015\/09\/IMG-20150907-WA0019.jpg\"><img loading=\"lazy\" decoding=\"async\" class=\"alignnone size-medium wp-image-3963\" src=\"http:\/\/armstrongyregion.com.ar\/diario\/wp-content\/uploads\/2015\/09\/IMG-20150907-WA0019-300x169.jpg\" alt=\"Diego-Mansilla-\" width=\"300\" height=\"169\" srcset=\"https:\/\/armstrongyregion.com.ar\/diario\/wp-content\/uploads\/2015\/09\/IMG-20150907-WA0019-300x169.jpg 300w, https:\/\/armstrongyregion.com.ar\/diario\/wp-content\/uploads\/2015\/09\/IMG-20150907-WA0019-1024x575.jpg 1024w, https:\/\/armstrongyregion.com.ar\/diario\/wp-content\/uploads\/2015\/09\/IMG-20150907-WA0019.jpg 1296w\" sizes=\"auto, (max-width: 300px) 100vw, 300px\" \/><\/a>En el quincho de la Uni\u00f3n Obrera Metal\u00fargica, ubicado en el polideportivo de la zona norte, distintos dirigentes sindicales compartieron un asado de camarader\u00eda, destacando la presencia de Oscar Dickie, Sec. Gral. Secc. Ca\u00f1ada de G\u00f3mez junto a dirigentes locales del Gremio.<\/p>\n<p>Y adem\u00e1s la presencia de Diego Mansilla, candidato a Legislador por el Parlasur, Guillermo Cornaglia, Senador electo, Dr. Augusto Fischer concejal electo quienes hoy festejaban el D\u00eda de los afiliados metal\u00fargicos.<\/p>\n<p>Daniel Mart\u00ednez, Sec. de Org. de la U.O.M. Armstrong, nos dec\u00eda, \u201cEs un orgullo haber construido este predio, con mucho trabajo y esfuerzo, hoy\u2026con los compa\u00f1eros, festejamos nuestro d\u00eda en \u00e9ste hermoso quincho\u201d.<\/p>\n<p>Informe Para Armstrong Y Region. Jorge Tagina.<\/p>\n","protected":false},"excerpt":{"rendered":"<p>En el quincho de la Uni\u00f3n Obrera Metal\u00fargica, ubicado en el polideportivo de la zona norte, distintos dirigentes sindicales compartieron un asado de camarader\u00eda, destacando la presencia de Oscar Dickie, Sec. Gral. Secc. Ca\u00f1ada de G\u00f3mez junto a dirigentes locales del Gremio. Y adem\u00e1s la presencia de Diego Mansilla, candidato a Legislador por el Parlasur, <a href=\"https:\/\/armstrongyregion.com.ar\/diario\/dirigentes-de-la-u-o-m-en-el-festejo-del-dia-del-metalurgico\/\" title=\"Read more\" >&#8230;<\/a><\/p>\n","protected":false},"author":2,"featured_media":3963,"comment_status":"open","ping_status":"open","sticky":false,"template":"","format":"standard","meta":{"_jetpack_memberships_contains_paid_content":false,"footnotes":"","jetpack_publicize_message":"","jetpack_publicize_feature_enabled":true,"jetpack_social_post_already_shared":false,"jetpack_social_options":{"image_generator_settings":{"template":"highway","default_image_id":0,"enabled":false},"version":2}},"categories":[1,2],"tags":[19,53,793,980,16,15,1789,31,2700,336],"class_list":["post-3962","post","type-post","status-publish","format-standard","has-post-thumbnail","hentry","category-diario-armstrong","category-locales","tag-de","tag-del","tag-dia","tag-dirigentes","tag-el","tag-en","tag-festejo","tag-la","tag-metalurgico","tag-u-o-m"],"jetpack_publicize_connections":[],"jetpack_featured_media_url":"https:\/\/armstrongyregion.com.ar\/diario\/wp-content\/uploads\/2015\/09\/IMG-20150907-WA0019.jpg","jetpack_shortlink":"https:\/\/wp.me\/p62QDO-11U","jetpack_sharing_enabled":true,"amp_enabled":true,"_links":{"self":[{"href":"https:\/\/armstrongyregion.com.ar\/diario\/wp-json\/wp\/v2\/posts\/3962","targetHints":{"allow":["GET"]}}],"collection":[{"href":"https:\/\/armstrongyregion.com.ar\/diario\/wp-json\/wp\/v2\/posts"}],"about":[{"href":"https:\/\/armstrongyregion.com.ar\/diario\/wp-json\/wp\/v2\/types\/post"}],"author":[{"embeddable":true,"href":"https:\/\/armstrongyregion.com.ar\/diario\/wp-json\/wp\/v2\/users\/2"}],"replies":[{"embeddable":true,"href":"https:\/\/armstrongyregion.com.ar\/diario\/wp-json\/wp\/v2\/comments?post=3962"}],"version-history":[{"count":0,"href":"https:\/\/armstrongyregion.com.ar\/diario\/wp-json\/wp\/v2\/posts\/3962\/revisions"}],"wp:featuredmedia":[{"embeddable":true,"href":"https:\/\/armstrongyregion.com.ar\/diario\/wp-json\/wp\/v2\/media\/3963"}],"wp:attachment":[{"href":"https:\/\/armstrongyregion.com.ar\/diario\/wp-json\/wp\/v2\/media?parent=3962"}],"wp:term":[{"taxonomy":"category","embeddable":true,"href":"https:\/\/armstrongyregion.com.ar\/diario\/wp-json\/wp\/v2\/categories?post=3962"},{"taxonomy":"post_tag","embeddable":true,"href":"https:\/\/armstrongyregion.com.ar\/diario\/wp-json\/wp\/v2\/tags?post=3962"}],"curies":[{"name":"wp","href":"https:\/\/api.w.org\/{rel}","templated":true}]}}