{"id":39602,"date":"2023-07-30T00:24:13","date_gmt":"2023-07-30T00:24:13","guid":{"rendered":"https:\/\/armstrongyregion.com.ar\/diario\/?p=39602"},"modified":"2023-07-30T00:24:16","modified_gmt":"2023-07-30T00:24:16","slug":"las-rosas-la-justicia-determino-el-cese-de-estado-antijuridico","status":"publish","type":"post","link":"https:\/\/armstrongyregion.com.ar\/diario\/las-rosas-la-justicia-determino-el-cese-de-estado-antijuridico\/","title":{"rendered":"Las Rosas. La justicia determin\u00f3 el cese de estado antijur\u00eddico."},"content":{"rendered":"\n<figure class=\"wp-block-image size-full\"><a href=\"http:\/\/armstrongyregion.com.ar\/diario\/wp-content\/uploads\/2022\/08\/Javier-Meyer-9-8-22-.jpg\"><img loading=\"lazy\" decoding=\"async\" width=\"597\" height=\"405\" src=\"http:\/\/armstrongyregion.com.ar\/diario\/wp-content\/uploads\/2022\/08\/Javier-Meyer-9-8-22-.jpg\" alt=\"\" class=\"wp-image-35399\" srcset=\"https:\/\/armstrongyregion.com.ar\/diario\/wp-content\/uploads\/2022\/08\/Javier-Meyer-9-8-22-.jpg 597w, https:\/\/armstrongyregion.com.ar\/diario\/wp-content\/uploads\/2022\/08\/Javier-Meyer-9-8-22--300x204.jpg 300w\" sizes=\"auto, (max-width: 597px) 100vw, 597px\" \/><\/a><\/figure>\n\n\n\n<p><strong>El Intendente de Las Rosas Javier Meyer se refiri\u00f3 a lo ocurrido en las ultimas horas en el marco del conflicto municipal.<\/strong><\/p>\n\n\n\n<p><\/p>\n\n\n\n<figure class=\"wp-block-audio\"><audio controls src=\"http:\/\/armstrongyregion.com.ar\/diario\/wp-content\/uploads\/2023\/07\/multimedia.audio_.ae0d9ae82a9855a6.bm90YSBtYXJjb3MgY29yYWNoLm1wMw.mp3\"><\/audio><figcaption class=\"wp-element-caption\">Intendente Javier Meyer<\/figcaption><\/figure>\n\n\n\n<p>El Intendente de Las Rosas Javier Meyer se refiri\u00f3 al desenlace que tuvo el conflicto municipal de Las Rosas en las ultimas horas, tras la reuni\u00f3n llevada a cabo este jueves en fiscal\u00eda.<\/p>\n\n\n\n<p>Se refiri\u00f3 a las 50 denuncias elevadas al Ministerio Publico de la Acusaci\u00f3n.<\/p>\n\n\n\n<p>La carpa que hab\u00eda sido montada en el palacio municipal fue desmontada, la maquinaria volvi\u00f3 a las calles y los trabajadores volvieron a cumplir con sus tareas con normalidad.<\/p>\n\n\n\n<p>Un grupo de alrededor de 30 trabajadores aun contin\u00faan con la medida de fuerza, de paro y en el marco de un cese de marco antijuridico.<\/p>\n\n\n\n<p>Fuente. Renacer Regional.<\/p>\n\n\n\n<p><a href=\"https:\/\/www.facebook.com\/sharer\/sharer.php?u=https:\/\/renacerfm.com.ar\/contenido\/15717\/la-justicia-determino-el-cese-de-estado-antijuridico\" target=\"_blank\" rel=\"noreferrer noopener\"><\/a>&nbsp;<a href=\"https:\/\/twitter.com\/intent\/tweet?url=https:\/\/renacerfm.com.ar\/contenido\/15717\/la-justicia-determino-el-cese-de-estado-antijuridico&amp;text=LA%20JUSTICIA%20DETERMINO%20EL%20CESE%20DE%20ESTADO%20ANTIJURIDICO\" target=\"_blank\" rel=\"noreferrer noopener\"><\/a>&nbsp;<a href=\"https:\/\/www.linkedin.com\/shareArticle?url=https:\/\/renacerfm.com.ar\/contenido\/15717\/la-justicia-determino-el-cese-de-estado-antijuridico\" target=\"_blank\" rel=\"noreferrer noopener\"><\/a>&nbsp;<a href=\"https:\/\/pinterest.com\/pin\/create\/bookmarklet\/?url=https:\/\/renacerfm.com.ar\/contenido\/15717\/la-justicia-determino-el-cese-de-estado-antijuridico\" target=\"_blank\" rel=\"noreferrer noopener\"><\/a>&nbsp;<a href=\"https:\/\/api.whatsapp.com\/send?text=LA%20JUSTICIA%20DETERMINO%20EL%20CESE%20DE%20ESTADO%20ANTIJURIDICO+https:\/\/renacerfm.com.ar\/contenido\/15717\/la-justicia-determino-el-cese-de-estado-antijuridico\" target=\"_blank\" rel=\"noreferrer noopener\"><\/a><\/p>\n","protected":false},"excerpt":{"rendered":"<p>El Intendente de Las Rosas Javier Meyer se refiri\u00f3 a lo ocurrido en las ultimas horas en el marco del conflicto municipal. El Intendente de Las Rosas Javier Meyer se refiri\u00f3 al desenlace que tuvo el conflicto municipal de Las Rosas en las ultimas horas, tras la reuni\u00f3n llevada a cabo este jueves en fiscal\u00eda. <a href=\"https:\/\/armstrongyregion.com.ar\/diario\/las-rosas-la-justicia-determino-el-cese-de-estado-antijuridico\/\" title=\"Read more\" >&#8230;<\/a><\/p>\n","protected":false},"author":1,"featured_media":35399,"comment_status":"open","ping_status":"open","sticky":false,"template":"","format":"image","meta":{"_jetpack_memberships_contains_paid_content":false,"footnotes":"","jetpack_publicize_message":"","jetpack_publicize_feature_enabled":true,"jetpack_social_post_already_shared":true,"jetpack_social_options":{"image_generator_settings":{"template":"highway","default_image_id":0,"enabled":false},"version":2}},"categories":[8,1,2,7,3],"tags":[9667,19,9665,16,3618,452,31,8883],"class_list":["post-39602","post","type-post","status-publish","format-image","has-post-thumbnail","hentry","category-deliberando","category-diario-armstrong","category-locales","category-politica","category-region","tag-antijuridico","tag-de","tag-determino","tag-el","tag-estado","tag-justicia","tag-la","tag-las-rosas-2","post_format-post-format-image"],"jetpack_publicize_connections":[],"jetpack_featured_media_url":"https:\/\/armstrongyregion.com.ar\/diario\/wp-content\/uploads\/2022\/08\/Javier-Meyer-9-8-22-.jpg","jetpack_shortlink":"https:\/\/wp.me\/p62QDO-aiK","jetpack_sharing_enabled":true,"amp_enabled":true,"_links":{"self":[{"href":"https:\/\/armstrongyregion.com.ar\/diario\/wp-json\/wp\/v2\/posts\/39602","targetHints":{"allow":["GET"]}}],"collection":[{"href":"https:\/\/armstrongyregion.com.ar\/diario\/wp-json\/wp\/v2\/posts"}],"about":[{"href":"https:\/\/armstrongyregion.com.ar\/diario\/wp-json\/wp\/v2\/types\/post"}],"author":[{"embeddable":true,"href":"https:\/\/armstrongyregion.com.ar\/diario\/wp-json\/wp\/v2\/users\/1"}],"replies":[{"embeddable":true,"href":"https:\/\/armstrongyregion.com.ar\/diario\/wp-json\/wp\/v2\/comments?post=39602"}],"version-history":[{"count":1,"href":"https:\/\/armstrongyregion.com.ar\/diario\/wp-json\/wp\/v2\/posts\/39602\/revisions"}],"predecessor-version":[{"id":39604,"href":"https:\/\/armstrongyregion.com.ar\/diario\/wp-json\/wp\/v2\/posts\/39602\/revisions\/39604"}],"wp:featuredmedia":[{"embeddable":true,"href":"https:\/\/armstrongyregion.com.ar\/diario\/wp-json\/wp\/v2\/media\/35399"}],"wp:attachment":[{"href":"https:\/\/armstrongyregion.com.ar\/diario\/wp-json\/wp\/v2\/media?parent=39602"}],"wp:term":[{"taxonomy":"category","embeddable":true,"href":"https:\/\/armstrongyregion.com.ar\/diario\/wp-json\/wp\/v2\/categories?post=39602"},{"taxonomy":"post_tag","embeddable":true,"href":"https:\/\/armstrongyregion.com.ar\/diario\/wp-json\/wp\/v2\/tags?post=39602"}],"curies":[{"name":"wp","href":"https:\/\/api.w.org\/{rel}","templated":true}]}}