{"id":39595,"date":"2023-07-28T18:10:31","date_gmt":"2023-07-28T18:10:31","guid":{"rendered":"https:\/\/armstrongyregion.com.ar\/diario\/?p=39595"},"modified":"2023-07-28T18:10:33","modified_gmt":"2023-07-28T18:10:33","slug":"el-senador-cornaglia-visito-el-centro-de-dia-apid","status":"publish","type":"post","link":"https:\/\/armstrongyregion.com.ar\/diario\/el-senador-cornaglia-visito-el-centro-de-dia-apid\/","title":{"rendered":"El Senador Cornaglia visit\u00f3 el centro de d\u00eda APID."},"content":{"rendered":"\n<figure class=\"wp-block-image size-full\"><a href=\"http:\/\/armstrongyregion.com.ar\/diario\/wp-content\/uploads\/2023\/07\/CORNAGLIA-28-7-23.jpg\"><img loading=\"lazy\" decoding=\"async\" width=\"289\" height=\"217\" src=\"http:\/\/armstrongyregion.com.ar\/diario\/wp-content\/uploads\/2023\/07\/CORNAGLIA-28-7-23.jpg\" alt=\"\" class=\"wp-image-39596\"\/><\/a><\/figure>\n\n\n\n<p>El senador provincial Guillermo Cornaglia y el intendente de Las Parejas, Horacio Compagnucci, visitaron el Centro de D\u00eda \u00abLa Casa\u00bb de APID junto a Patricio Huerga, subsecretario de Inclusi\u00f3n para Personas con Discapacidad de Santa Fe y coordinador general del proyecto Tiburones del Paran\u00e1.<\/p>\n\n\n\n<p>Los funcionarios fueron recibidos por Carlos Serafini, presidente de la Asociaci\u00f3n para la Inclusi\u00f3n de Personas con Discapacidad, y la reuni\u00f3n tuvo como objetivo interiorizarse sobre los programas y herramientas que existen a nivel provincial y nacional para garantizar los derechos de las personas con discapacidad. Adem\u00e1s, Huerga recolect\u00f3 las necesidades y problem\u00e1ticas que transmitieron los integrantes de APID.<\/p>\n\n\n\n<p>Participaron del encuentro tambi\u00e9n la senadora suplente Erica Molteni; los concejales Cintia Marconato y Martin Blanco; la secretaria de Desarrollo Social de Las Parejas, Georgina Pieretti; el coordinador departamental de Deporte Adaptado, Marcos Di Santo; y funcionarios de la delegaci\u00f3n Belgrano de la Defensor\u00eda del Pueblo.<\/p>\n","protected":false},"excerpt":{"rendered":"<p>El senador provincial Guillermo Cornaglia y el intendente de Las Parejas, Horacio Compagnucci, visitaron el Centro de D\u00eda \u00abLa Casa\u00bb de APID junto a Patricio Huerga, subsecretario de Inclusi\u00f3n para Personas con Discapacidad de Santa Fe y coordinador general del proyecto Tiburones del Paran\u00e1. Los funcionarios fueron recibidos por Carlos Serafini, presidente de la Asociaci\u00f3n <a href=\"https:\/\/armstrongyregion.com.ar\/diario\/el-senador-cornaglia-visito-el-centro-de-dia-apid\/\" title=\"Read more\" >&#8230;<\/a><\/p>\n","protected":false},"author":1,"featured_media":39596,"comment_status":"open","ping_status":"open","sticky":false,"template":"","format":"image","meta":{"_jetpack_memberships_contains_paid_content":false,"footnotes":"","jetpack_publicize_message":"","jetpack_publicize_feature_enabled":true,"jetpack_social_post_already_shared":true,"jetpack_social_options":{"image_generator_settings":{"template":"highway","default_image_id":0,"enabled":false},"version":2}},"categories":[8,1,2,7,3],"tags":[9662,21,1324,19,8609,16,238,9661],"class_list":["post-39595","post","type-post","status-publish","format-image","has-post-thumbnail","hentry","category-deliberando","category-diario-armstrong","category-locales","category-politica","category-region","tag-apid-2","tag-centro","tag-cornaglia","tag-de","tag-dia-2","tag-el","tag-senador","tag-visito-2","post_format-post-format-image"],"jetpack_publicize_connections":[],"jetpack_featured_media_url":"https:\/\/armstrongyregion.com.ar\/diario\/wp-content\/uploads\/2023\/07\/CORNAGLIA-28-7-23.jpg","jetpack_shortlink":"https:\/\/wp.me\/p62QDO-aiD","jetpack_sharing_enabled":true,"amp_enabled":true,"_links":{"self":[{"href":"https:\/\/armstrongyregion.com.ar\/diario\/wp-json\/wp\/v2\/posts\/39595","targetHints":{"allow":["GET"]}}],"collection":[{"href":"https:\/\/armstrongyregion.com.ar\/diario\/wp-json\/wp\/v2\/posts"}],"about":[{"href":"https:\/\/armstrongyregion.com.ar\/diario\/wp-json\/wp\/v2\/types\/post"}],"author":[{"embeddable":true,"href":"https:\/\/armstrongyregion.com.ar\/diario\/wp-json\/wp\/v2\/users\/1"}],"replies":[{"embeddable":true,"href":"https:\/\/armstrongyregion.com.ar\/diario\/wp-json\/wp\/v2\/comments?post=39595"}],"version-history":[{"count":1,"href":"https:\/\/armstrongyregion.com.ar\/diario\/wp-json\/wp\/v2\/posts\/39595\/revisions"}],"predecessor-version":[{"id":39597,"href":"https:\/\/armstrongyregion.com.ar\/diario\/wp-json\/wp\/v2\/posts\/39595\/revisions\/39597"}],"wp:featuredmedia":[{"embeddable":true,"href":"https:\/\/armstrongyregion.com.ar\/diario\/wp-json\/wp\/v2\/media\/39596"}],"wp:attachment":[{"href":"https:\/\/armstrongyregion.com.ar\/diario\/wp-json\/wp\/v2\/media?parent=39595"}],"wp:term":[{"taxonomy":"category","embeddable":true,"href":"https:\/\/armstrongyregion.com.ar\/diario\/wp-json\/wp\/v2\/categories?post=39595"},{"taxonomy":"post_tag","embeddable":true,"href":"https:\/\/armstrongyregion.com.ar\/diario\/wp-json\/wp\/v2\/tags?post=39595"}],"curies":[{"name":"wp","href":"https:\/\/api.w.org\/{rel}","templated":true}]}}