{"id":39591,"date":"2023-07-28T18:05:15","date_gmt":"2023-07-28T18:05:15","guid":{"rendered":"https:\/\/armstrongyregion.com.ar\/diario\/?p=39591"},"modified":"2023-07-28T18:05:18","modified_gmt":"2023-07-28T18:05:18","slug":"canada-de-gomez-casalegno-impulsa-acciones-junto-a-los-jovenes","status":"publish","type":"post","link":"https:\/\/armstrongyregion.com.ar\/diario\/canada-de-gomez-casalegno-impulsa-acciones-junto-a-los-jovenes\/","title":{"rendered":"Ca\u00f1ada de G\u00f3mez. Casalegno impulsa acciones junto a los j\u00f3venes."},"content":{"rendered":"\n<figure class=\"wp-block-image size-full\"><a href=\"http:\/\/armstrongyregion.com.ar\/diario\/wp-content\/uploads\/2023\/07\/casalegno-jovenes-.jpg\"><img loading=\"lazy\" decoding=\"async\" width=\"400\" height=\"270\" src=\"http:\/\/armstrongyregion.com.ar\/diario\/wp-content\/uploads\/2023\/07\/casalegno-jovenes-.jpg\" alt=\"\" class=\"wp-image-39593\" srcset=\"https:\/\/armstrongyregion.com.ar\/diario\/wp-content\/uploads\/2023\/07\/casalegno-jovenes-.jpg 400w, https:\/\/armstrongyregion.com.ar\/diario\/wp-content\/uploads\/2023\/07\/casalegno-jovenes--300x203.jpg 300w\" sizes=\"auto, (max-width: 400px) 100vw, 400px\" \/><\/a><\/figure>\n\n\n\n<p>Marcelo Casalegno convoc\u00f3 a los Centros de Estudiantes de las escuelas secundarias para impulsar una serie de acciones e iniciativas junto a los j\u00f3venes de la ciudad, como parte de agosto, mes de la juventud.<\/p>\n\n\n\n<p>En el encuentro&nbsp;anunci\u00f3 que el 10 de agosto se realizar\u00e1 \u201cCa\u00f1ada Joven hacia el 2030\u201d, el s\u00e1bado 19 \u201cJuventud Fest\u201d, el mi\u00e9rcoles 23 \u201cQuinto a Fondo\u201d y desde el lunes 28 al 3 de septiembre el \u201c10\u00b0 Cortos 72 Horas\u201d.<\/p>\n\n\n\n<p>\u201cCompartimos una productiva jornada junto a los centros de estudiantes y juventudes, para impulsar diferentes acciones que realizaremos el pr\u00f3ximo mes en diferentes espacios p\u00fablicos de la ciudad\u201d, expres\u00f3 Marcelo Casalegno.&nbsp;<\/p>\n","protected":false},"excerpt":{"rendered":"<p>Marcelo Casalegno convoc\u00f3 a los Centros de Estudiantes de las escuelas secundarias para impulsar una serie de acciones e iniciativas junto a los j\u00f3venes de la ciudad, como parte de agosto, mes de la juventud. En el encuentro&nbsp;anunci\u00f3 que el 10 de agosto se realizar\u00e1 \u201cCa\u00f1ada Joven hacia el 2030\u201d, el s\u00e1bado 19 \u201cJuventud Fest\u201d, <a href=\"https:\/\/armstrongyregion.com.ar\/diario\/canada-de-gomez-casalegno-impulsa-acciones-junto-a-los-jovenes\/\" title=\"Read more\" >&#8230;<\/a><\/p>\n","protected":false},"author":1,"featured_media":39593,"comment_status":"open","ping_status":"open","sticky":false,"template":"","format":"image","meta":{"_jetpack_memberships_contains_paid_content":false,"footnotes":"","jetpack_publicize_message":"","jetpack_publicize_feature_enabled":true,"jetpack_social_post_already_shared":true,"jetpack_social_options":{"image_generator_settings":{"template":"highway","default_image_id":0,"enabled":false},"version":2}},"categories":[8,1,2,7,3],"tags":[33,3582,588,8678,9171,290,42],"class_list":["post-39591","post","type-post","status-publish","format-image","has-post-thumbnail","hentry","category-deliberando","category-diario-armstrong","category-locales","category-politica","category-region","tag-a","tag-acciones","tag-casalegno","tag-impulsa","tag-jovenes-2","tag-junto","tag-los","post_format-post-format-image"],"jetpack_publicize_connections":[],"jetpack_featured_media_url":"https:\/\/armstrongyregion.com.ar\/diario\/wp-content\/uploads\/2023\/07\/casalegno-jovenes-.jpg","jetpack_shortlink":"https:\/\/wp.me\/p62QDO-aiz","jetpack_sharing_enabled":true,"amp_enabled":true,"_links":{"self":[{"href":"https:\/\/armstrongyregion.com.ar\/diario\/wp-json\/wp\/v2\/posts\/39591","targetHints":{"allow":["GET"]}}],"collection":[{"href":"https:\/\/armstrongyregion.com.ar\/diario\/wp-json\/wp\/v2\/posts"}],"about":[{"href":"https:\/\/armstrongyregion.com.ar\/diario\/wp-json\/wp\/v2\/types\/post"}],"author":[{"embeddable":true,"href":"https:\/\/armstrongyregion.com.ar\/diario\/wp-json\/wp\/v2\/users\/1"}],"replies":[{"embeddable":true,"href":"https:\/\/armstrongyregion.com.ar\/diario\/wp-json\/wp\/v2\/comments?post=39591"}],"version-history":[{"count":1,"href":"https:\/\/armstrongyregion.com.ar\/diario\/wp-json\/wp\/v2\/posts\/39591\/revisions"}],"predecessor-version":[{"id":39594,"href":"https:\/\/armstrongyregion.com.ar\/diario\/wp-json\/wp\/v2\/posts\/39591\/revisions\/39594"}],"wp:featuredmedia":[{"embeddable":true,"href":"https:\/\/armstrongyregion.com.ar\/diario\/wp-json\/wp\/v2\/media\/39593"}],"wp:attachment":[{"href":"https:\/\/armstrongyregion.com.ar\/diario\/wp-json\/wp\/v2\/media?parent=39591"}],"wp:term":[{"taxonomy":"category","embeddable":true,"href":"https:\/\/armstrongyregion.com.ar\/diario\/wp-json\/wp\/v2\/categories?post=39591"},{"taxonomy":"post_tag","embeddable":true,"href":"https:\/\/armstrongyregion.com.ar\/diario\/wp-json\/wp\/v2\/tags?post=39591"}],"curies":[{"name":"wp","href":"https:\/\/api.w.org\/{rel}","templated":true}]}}