{"id":39588,"date":"2023-07-28T17:31:03","date_gmt":"2023-07-28T17:31:03","guid":{"rendered":"https:\/\/armstrongyregion.com.ar\/diario\/?p=39588"},"modified":"2023-07-28T17:31:05","modified_gmt":"2023-07-28T17:31:05","slug":"rasetto-y-el-centro-economico-impulsan-ronda-de-empleo-para-el-sector-gastronomico","status":"publish","type":"post","link":"https:\/\/armstrongyregion.com.ar\/diario\/rasetto-y-el-centro-economico-impulsan-ronda-de-empleo-para-el-sector-gastronomico\/","title":{"rendered":"Rasetto y el Centro Econ\u00f3mico impulsan Ronda de Empleo para el sector gastron\u00f3mico."},"content":{"rendered":"\n<figure class=\"wp-block-image size-full\"><a href=\"http:\/\/armstrongyregion.com.ar\/diario\/wp-content\/uploads\/2023\/07\/Ronda-de-empleo.jpg\"><img loading=\"lazy\" decoding=\"async\" width=\"400\" height=\"300\" src=\"http:\/\/armstrongyregion.com.ar\/diario\/wp-content\/uploads\/2023\/07\/Ronda-de-empleo.jpg\" alt=\"\" class=\"wp-image-39589\" srcset=\"https:\/\/armstrongyregion.com.ar\/diario\/wp-content\/uploads\/2023\/07\/Ronda-de-empleo.jpg 400w, https:\/\/armstrongyregion.com.ar\/diario\/wp-content\/uploads\/2023\/07\/Ronda-de-empleo-300x225.jpg 300w\" sizes=\"auto, (max-width: 400px) 100vw, 400px\" \/><\/a><\/figure>\n\n\n\n<p>El senador Hugo Jes\u00fas Rasetto y el Centro Econ\u00f3mico de Ca\u00f1ada de G\u00f3mez fueron los organizadores de<br>la Ronda de Empleo que se realiz\u00f3 el mi\u00e9rcoles en el flamante Centro Empresarial del Centro Econ\u00f3mico.<br>El evento cont\u00f3 con la participaci\u00f3n de los asociados del sector gastron\u00f3mico y los egresados del curso<br>de Ayudantes de Cocina, que se dict\u00f3 en la Escuela de Cocina Chesco. Los due\u00f1os y responsables de<br>bares, restaurantes y cafeter\u00edas pudieron conocer a las estudiantes que se capacitaron en cocina y recibir<br>sus curr\u00edculums. Tambi\u00e9n asistieron al encuentro Gast\u00f3n Scarola, Ariel Minuet, los concejales Mat\u00edas<br>Chale y Luciano Travaglino, el coordinador de C\u00e1maras del Centro Econ\u00f3mico, Ezequiel Piccoli, y<br>Francisco Malano, uno de los fundadores de Chesco.<br>Rasetto expres\u00f3 su alegr\u00eda por la iniciativa: \u201cEs una gran oportunidad para el sector gastron\u00f3mico, que<br>necesita incorporar personal con conocimiento y motivado. Tambi\u00e9n es una forma de apoyar a las<br>personas que se han formado en un oficio tan noble como el de cocinar. Agradezco al Centro Econ\u00f3mico<br>por este trabajo en conjunto y los felicito nuevamente por el hermoso edificio que han inaugurado\u201d.<\/p>\n","protected":false},"excerpt":{"rendered":"<p>El senador Hugo Jes\u00fas Rasetto y el Centro Econ\u00f3mico de Ca\u00f1ada de G\u00f3mez fueron los organizadores dela Ronda de Empleo que se realiz\u00f3 el mi\u00e9rcoles en el flamante Centro Empresarial del Centro Econ\u00f3mico.El evento cont\u00f3 con la participaci\u00f3n de los asociados del sector gastron\u00f3mico y los egresados del cursode Ayudantes de Cocina, que se dict\u00f3 <a href=\"https:\/\/armstrongyregion.com.ar\/diario\/rasetto-y-el-centro-economico-impulsan-ronda-de-empleo-para-el-sector-gastronomico\/\" title=\"Read more\" >&#8230;<\/a><\/p>\n","protected":false},"author":1,"featured_media":39589,"comment_status":"open","ping_status":"open","sticky":false,"template":"","format":"image","meta":{"_jetpack_memberships_contains_paid_content":false,"footnotes":"","jetpack_publicize_message":"","jetpack_publicize_feature_enabled":true,"jetpack_social_post_already_shared":true,"jetpack_social_options":{"image_generator_settings":{"template":"highway","default_image_id":0,"enabled":false},"version":2}},"categories":[8,1,2,7,3],"tags":[21,165,3540,9660,977,1024,13],"class_list":["post-39588","post","type-post","status-publish","format-image","has-post-thumbnail","hentry","category-deliberando","category-diario-armstrong","category-locales","category-politica","category-region","tag-centro","tag-economico","tag-empleo","tag-impulsan","tag-rasetto","tag-ronda","tag-y","post_format-post-format-image"],"jetpack_publicize_connections":[],"jetpack_featured_media_url":"https:\/\/armstrongyregion.com.ar\/diario\/wp-content\/uploads\/2023\/07\/Ronda-de-empleo.jpg","jetpack_shortlink":"https:\/\/wp.me\/p62QDO-aiw","jetpack_sharing_enabled":true,"amp_enabled":true,"_links":{"self":[{"href":"https:\/\/armstrongyregion.com.ar\/diario\/wp-json\/wp\/v2\/posts\/39588","targetHints":{"allow":["GET"]}}],"collection":[{"href":"https:\/\/armstrongyregion.com.ar\/diario\/wp-json\/wp\/v2\/posts"}],"about":[{"href":"https:\/\/armstrongyregion.com.ar\/diario\/wp-json\/wp\/v2\/types\/post"}],"author":[{"embeddable":true,"href":"https:\/\/armstrongyregion.com.ar\/diario\/wp-json\/wp\/v2\/users\/1"}],"replies":[{"embeddable":true,"href":"https:\/\/armstrongyregion.com.ar\/diario\/wp-json\/wp\/v2\/comments?post=39588"}],"version-history":[{"count":1,"href":"https:\/\/armstrongyregion.com.ar\/diario\/wp-json\/wp\/v2\/posts\/39588\/revisions"}],"predecessor-version":[{"id":39590,"href":"https:\/\/armstrongyregion.com.ar\/diario\/wp-json\/wp\/v2\/posts\/39588\/revisions\/39590"}],"wp:featuredmedia":[{"embeddable":true,"href":"https:\/\/armstrongyregion.com.ar\/diario\/wp-json\/wp\/v2\/media\/39589"}],"wp:attachment":[{"href":"https:\/\/armstrongyregion.com.ar\/diario\/wp-json\/wp\/v2\/media?parent=39588"}],"wp:term":[{"taxonomy":"category","embeddable":true,"href":"https:\/\/armstrongyregion.com.ar\/diario\/wp-json\/wp\/v2\/categories?post=39588"},{"taxonomy":"post_tag","embeddable":true,"href":"https:\/\/armstrongyregion.com.ar\/diario\/wp-json\/wp\/v2\/tags?post=39588"}],"curies":[{"name":"wp","href":"https:\/\/api.w.org\/{rel}","templated":true}]}}