{"id":39585,"date":"2023-07-28T00:16:07","date_gmt":"2023-07-28T00:16:07","guid":{"rendered":"https:\/\/armstrongyregion.com.ar\/diario\/?p=39585"},"modified":"2023-07-28T00:16:10","modified_gmt":"2023-07-28T00:16:10","slug":"renatre-santa-fe-sur-apunta-a-combatir-el-delito-de-trata-de-personas-con-fines-de-explotacion-laboral","status":"publish","type":"post","link":"https:\/\/armstrongyregion.com.ar\/diario\/renatre-santa-fe-sur-apunta-a-combatir-el-delito-de-trata-de-personas-con-fines-de-explotacion-laboral\/","title":{"rendered":"RENATRE Santa Fe Sur apunta a combatir el delito de trata de personas con fines de explotaci\u00f3n laboral."},"content":{"rendered":"\n<figure class=\"wp-block-image size-full\"><a href=\"http:\/\/armstrongyregion.com.ar\/diario\/wp-content\/uploads\/2023\/07\/RENARTRE-27-7-23.jpg\"><img loading=\"lazy\" decoding=\"async\" width=\"488\" height=\"288\" src=\"http:\/\/armstrongyregion.com.ar\/diario\/wp-content\/uploads\/2023\/07\/RENARTRE-27-7-23.jpg\" alt=\"\" class=\"wp-image-39586\" srcset=\"https:\/\/armstrongyregion.com.ar\/diario\/wp-content\/uploads\/2023\/07\/RENARTRE-27-7-23.jpg 488w, https:\/\/armstrongyregion.com.ar\/diario\/wp-content\/uploads\/2023\/07\/RENARTRE-27-7-23-300x177.jpg 300w\" sizes=\"auto, (max-width: 488px) 100vw, 488px\" \/><\/a><\/figure>\n\n\n\n<h2 class=\"wp-block-heading\">ESTAD\u00cdSTICAS DE LAS FISCALIZACIONES ENTRE 2019 Y 2023 EN SANTA FE, EN EL DIA MUNDIAL DE LA LUCHA CONTRA LA TRATA DE PERSONAS.<\/h2>\n\n\n\n<p>En el marco de conmemorarse el 30 de julio el D\u00eda Mundial de la Lucha contra la Trata de Personas, la delegaci\u00f3n del RENATRE Santa Fe Sur expres\u00f3 su compromiso de trabajar en la prevenci\u00f3n y el combate del delito de trata de personas, siendo un tema prioritario en la agenda de actividades de todo el a\u00f1o en la provincia de Santa Fe.<br>El D\u00eda Mundial contra la Trata de Personas, establecido por la Asamblea General de las Naciones Unidas, se conmemora cada 30 de julio con el fin de recordar y reflexionar acerca de la grave situaci\u00f3n que viven millones de personas v\u00edctimas de trata y la urgencia de promover las medidas necesarias para prevenir, perseguir y sancionar esta grave violaci\u00f3n a los derechos humanos.<br>Con el firme objetivo de seguir implementando todas las acciones necesarias que protejan integralmente los derechos, para combatir el delito de trata de personas con fines de explotaci\u00f3n laboral, la delegaci\u00f3n elev\u00f3 cifras vinculadas a las fiscalizaciones realizadas en la provincia de Santa Fe durante el periodo 2019\/2023.<br>Al 14 de marzo de 2023, en la provincia de Santa Fe, la delegaci\u00f3n del RENATRE Santa Fe Sur realiz\u00f3, desde 2019, 289 fiscalizaciones logrando relevar 1087 trabajadores. En tanto, desde el a\u00f1o 2021 a la fecha hubo 38 detecciones de indicios de explotaci\u00f3n laboral rural.<br>Adem\u00e1s, en el marco de las acciones de restituci\u00f3n de derechos llevada adelante por el dispositivo, articulado junto a COPRETI Santa Fe, UATRE, la Direcci\u00f3n Provincial de Promoci\u00f3n del Empleo Digno del MTEySS, la Direcci\u00f3n Provincial de Equidad y Derechos del Ministerio de Educaci\u00f3n, coordinando y desarrollando las pol\u00edticas para prevenir y erradicar el trabajo infantil, la delegaci\u00f3n realiz\u00f3 el seguimiento de un caso testigo de restituci\u00f3n de derechos escolares para un ni\u00f1o de 13 a\u00f1os obligado a realizar trabajo infantil en un tambo de Las Bandurrias, en septiembre de 2022.<br>El delegado provincial del RENATRE Santa Fe Sur, Andr\u00e9s Alasia, explic\u00f3 que la delegaci\u00f3n forma parte integrante de la Mesa Interinstitucional para lucha contra la trata y explotaci\u00f3n de Personas de la Provincia de Santa Fe. La tarea es impulsar, coordinar y organizar operativos de fiscalizaci\u00f3n, generar capacitaciones, y mejorar los programas de asistencia\u201d.<br>\u201cTenemos un compromiso de trabajo asumido para transitar una agenda junto a organismos provinciales y nacionales para elaborar herramientas y acciones concretas que permitan prevenir, detectar y erradicar este delito, en el sector rural\u201d, a\u00f1adi\u00f3 el delegado, que refiri\u00f3 que las acciones apuntan a la fiscalizaci\u00f3n por un lado y la protecci\u00f3n y asistencia de las v\u00edctimas por el otro, sum\u00e1ndose a la coordinaci\u00f3n, el dise\u00f1o y la planificaci\u00f3n de la pol\u00edtica p\u00fablica.<br>Para m\u00e1s informaci\u00f3n, los interesados se pueden acercar a la Delegaci\u00f3n de RENATRE Santa Fe Sur, de lunes a viernes, de 8 a 16, en la sede de la calle 9 de julio 3260, en la ciudad de Rosario, \u00a0o bien comunicarse a los tel\u00e9fonos (0341) 4361751 y (0341) 4371541, al mail\u00a0<a rel=\"noreferrer noopener\" href=\"mailto:rosario@renatre.org.ar\" target=\"_blank\">rosario@renatre.org.ar<\/a>.<\/p>\n","protected":false},"excerpt":{"rendered":"<p>ESTAD\u00cdSTICAS DE LAS FISCALIZACIONES ENTRE 2019 Y 2023 EN SANTA FE, EN EL DIA MUNDIAL DE LA LUCHA CONTRA LA TRATA DE PERSONAS. En el marco de conmemorarse el 30 de julio el D\u00eda Mundial de la Lucha contra la Trata de Personas, la delegaci\u00f3n del RENATRE Santa Fe Sur expres\u00f3 su compromiso de trabajar <a href=\"https:\/\/armstrongyregion.com.ar\/diario\/renatre-santa-fe-sur-apunta-a-combatir-el-delito-de-trata-de-personas-con-fines-de-explotacion-laboral\/\" title=\"Read more\" >&#8230;<\/a><\/p>\n","protected":false},"author":1,"featured_media":39586,"comment_status":"open","ping_status":"open","sticky":false,"template":"","format":"image","meta":{"_jetpack_memberships_contains_paid_content":false,"footnotes":"","jetpack_publicize_message":"","jetpack_publicize_feature_enabled":true,"jetpack_social_post_already_shared":true,"jetpack_social_options":{"image_generator_settings":{"template":"highway","default_image_id":0,"enabled":false},"version":2}},"categories":[8,1,2,7,3],"tags":[33,9584,4336,19,4274,16,696,9457,9658,9659],"class_list":["post-39585","post","type-post","status-publish","format-image","has-post-thumbnail","hentry","category-deliberando","category-diario-armstrong","category-locales","category-politica","category-region","tag-a","tag-apunta","tag-combatir","tag-de","tag-delito","tag-el","tag-personas","tag-renartre","tag-santa-fe-sur","tag-trata","post_format-post-format-image"],"jetpack_publicize_connections":[],"jetpack_featured_media_url":"https:\/\/armstrongyregion.com.ar\/diario\/wp-content\/uploads\/2023\/07\/RENARTRE-27-7-23.jpg","jetpack_shortlink":"https:\/\/wp.me\/p62QDO-ait","jetpack_sharing_enabled":true,"amp_enabled":true,"_links":{"self":[{"href":"https:\/\/armstrongyregion.com.ar\/diario\/wp-json\/wp\/v2\/posts\/39585","targetHints":{"allow":["GET"]}}],"collection":[{"href":"https:\/\/armstrongyregion.com.ar\/diario\/wp-json\/wp\/v2\/posts"}],"about":[{"href":"https:\/\/armstrongyregion.com.ar\/diario\/wp-json\/wp\/v2\/types\/post"}],"author":[{"embeddable":true,"href":"https:\/\/armstrongyregion.com.ar\/diario\/wp-json\/wp\/v2\/users\/1"}],"replies":[{"embeddable":true,"href":"https:\/\/armstrongyregion.com.ar\/diario\/wp-json\/wp\/v2\/comments?post=39585"}],"version-history":[{"count":1,"href":"https:\/\/armstrongyregion.com.ar\/diario\/wp-json\/wp\/v2\/posts\/39585\/revisions"}],"predecessor-version":[{"id":39587,"href":"https:\/\/armstrongyregion.com.ar\/diario\/wp-json\/wp\/v2\/posts\/39585\/revisions\/39587"}],"wp:featuredmedia":[{"embeddable":true,"href":"https:\/\/armstrongyregion.com.ar\/diario\/wp-json\/wp\/v2\/media\/39586"}],"wp:attachment":[{"href":"https:\/\/armstrongyregion.com.ar\/diario\/wp-json\/wp\/v2\/media?parent=39585"}],"wp:term":[{"taxonomy":"category","embeddable":true,"href":"https:\/\/armstrongyregion.com.ar\/diario\/wp-json\/wp\/v2\/categories?post=39585"},{"taxonomy":"post_tag","embeddable":true,"href":"https:\/\/armstrongyregion.com.ar\/diario\/wp-json\/wp\/v2\/tags?post=39585"}],"curies":[{"name":"wp","href":"https:\/\/api.w.org\/{rel}","templated":true}]}}