{"id":39571,"date":"2023-07-27T21:15:38","date_gmt":"2023-07-27T21:15:38","guid":{"rendered":"https:\/\/armstrongyregion.com.ar\/diario\/?p=39571"},"modified":"2023-07-27T21:15:40","modified_gmt":"2023-07-27T21:15:40","slug":"%f0%9d%90%91%f0%9d%90%84%f0%9d%90%8d%f0%9d%90%8e%f0%9d%90%95%f0%9d%90%80%f0%9d%90%82%f0%9d%90%88%f0%9d%90%8e%f0%9d%90%8d-%f0%9d%90%8f%f0%9d%90%8e%f0%9d%90%91-%f0%9d%90%80%f0%9d%90%91%f0%9d%90%8c","status":"publish","type":"post","link":"https:\/\/armstrongyregion.com.ar\/diario\/%f0%9d%90%91%f0%9d%90%84%f0%9d%90%8d%f0%9d%90%8e%f0%9d%90%95%f0%9d%90%80%f0%9d%90%82%f0%9d%90%88%f0%9d%90%8e%f0%9d%90%8d-%f0%9d%90%8f%f0%9d%90%8e%f0%9d%90%91-%f0%9d%90%80%f0%9d%90%91%f0%9d%90%8c\/","title":{"rendered":"\ud835\udc11\ud835\udc04\ud835\udc0d\ud835\udc0e\ud835\udc15\ud835\udc00\ud835\udc02\ud835\udc08\ud835\udc0e\ud835\udc0d \ud835\udc0f\ud835\udc0e\ud835\udc11 \ud835\udc00\ud835\udc11\ud835\udc0c\ud835\udc12\ud835\udc13\ud835\udc11\ud835\udc0e\ud835\udc0d\ud835\udc06 \ud835\udc00\ud835\udc02\ud835\udc04\ud835\udc11\ud835\udc02\ud835\udc00 \ud835\udc15\ud835\udc00\ud835\udc02\ud835\udc00 \ud835\udc0c\ud835\udc14\ud835\udc04\ud835\udc11\ud835\udc13\ud835\udc00 \ud835\udc00 \ud835\udc0b\ud835\udc00 \ud835\udc11\ud835\udc04\ud835\udc06\ud835\udc08\ud835\udc0e\ud835\udc0d."},"content":{"rendered":"\n<figure class=\"wp-block-image size-full\"><a href=\"http:\/\/armstrongyregion.com.ar\/diario\/wp-content\/uploads\/2023\/07\/VACA-MUERTA-1-.jpg\"><img loading=\"lazy\" decoding=\"async\" width=\"400\" height=\"267\" src=\"http:\/\/armstrongyregion.com.ar\/diario\/wp-content\/uploads\/2023\/07\/VACA-MUERTA-1-.jpg\" alt=\"\" class=\"wp-image-39572\" srcset=\"https:\/\/armstrongyregion.com.ar\/diario\/wp-content\/uploads\/2023\/07\/VACA-MUERTA-1-.jpg 400w, https:\/\/armstrongyregion.com.ar\/diario\/wp-content\/uploads\/2023\/07\/VACA-MUERTA-1--300x200.jpg 300w\" sizes=\"auto, (max-width: 400px) 100vw, 400px\" \/><\/a><\/figure>\n\n\n\n<h2 class=\"wp-block-heading\">\ud835\ude0c\ud835\ude2e\ud835\ude31\ud835\ude33\ud835\ude26\ud835\ude34\ud835\ude22\ud835\ude34, \ud835\ude24\ud835\ude30\ud835\ude2e\ud835\ude26\ud835\ude33\ud835\ude24\ud835\ude2a\ud835\ude30\ud835\ude34 \ud835\ude3a \ud835\ude26\ud835\ude2e\ud835\ude31\ud835\ude33\ud835\ude26\ud835\ude2f\ud835\ude25\ud835\ude26\ud835\ude25\ud835\ude30\ud835\ude33\ud835\ude26\ud835\ude34 \ud835\ude25\ud835\ude26 \ud835\ude2d\ud835\ude22 \ud835\ude24\ud835\ude2a\ud835\ude36\ud835\ude25\ud835\ude22\ud835\ude25 \ud835\ude3a \ud835\ude2d\ud835\ude22 \ud835\ude3b\ud835\ude30\ud835\ude2f\ud835\ude22 \ud835\ude34\ud835\ude26 \ud835\ude29\ud835\ude2a\ud835\ude24\ud835\ude2a\ud835\ude26\ud835\ude33\ud835\ude30\ud835\ude2f \ud835\ude31\ud835\ude33\ud835\ude26\ud835\ude34\ud835\ude26\ud835\ude2f\ud835\ude35\ud835\ude26\ud835\ude34.<\/h2>\n\n\n\n<figure class=\"wp-block-image size-full\"><a href=\"http:\/\/armstrongyregion.com.ar\/diario\/wp-content\/uploads\/2023\/07\/VACA-MUERTA-2-.jpg\"><img loading=\"lazy\" decoding=\"async\" width=\"400\" height=\"267\" src=\"http:\/\/armstrongyregion.com.ar\/diario\/wp-content\/uploads\/2023\/07\/VACA-MUERTA-2-.jpg\" alt=\"\" class=\"wp-image-39573\" srcset=\"https:\/\/armstrongyregion.com.ar\/diario\/wp-content\/uploads\/2023\/07\/VACA-MUERTA-2-.jpg 400w, https:\/\/armstrongyregion.com.ar\/diario\/wp-content\/uploads\/2023\/07\/VACA-MUERTA-2--300x200.jpg 300w\" sizes=\"auto, (max-width: 400px) 100vw, 400px\" \/><\/a><\/figure>\n\n\n\n<p>Con el objetivo puesto en generar v\u00ednculos comerciales e industriales futuros, los Concejales Emiliano Gramigna y Jes\u00fas Urqu\u00eda, la Directora de Trenes Argentinos Eliana Gramigna e integrantes del espacio Renovaci\u00f3n por Armstrong, recibieron en la ciudad de Armstrong a Fernando Banderet, Intendente electo de A\u00f1elo, Provincia de Neuqu\u00e9n; Diego Santos, representante del Parque Industrial A\u00f1elo y Director de la Fundaci\u00f3n Vaca Muerta, C\u00e9sar Paredes titular de Inversi\u00f3n Vaca Muerta, Roberto Enriquez, Presidente de ADINEU y miembro de la UIA y Emiliano Mossotti, Integrante de la Fundaci\u00f3n Vaca Muerta, en el marco de la ronda nacional Vaca Muerta.\u00a0<\/p>\n\n\n\n<figure class=\"wp-block-image size-full\"><a href=\"http:\/\/armstrongyregion.com.ar\/diario\/wp-content\/uploads\/2023\/07\/VACA-MUERTA-3-.jpg\"><img loading=\"lazy\" decoding=\"async\" width=\"400\" height=\"267\" src=\"http:\/\/armstrongyregion.com.ar\/diario\/wp-content\/uploads\/2023\/07\/VACA-MUERTA-3-.jpg\" alt=\"\" class=\"wp-image-39574\" srcset=\"https:\/\/armstrongyregion.com.ar\/diario\/wp-content\/uploads\/2023\/07\/VACA-MUERTA-3-.jpg 400w, https:\/\/armstrongyregion.com.ar\/diario\/wp-content\/uploads\/2023\/07\/VACA-MUERTA-3--300x200.jpg 300w\" sizes=\"auto, (max-width: 400px) 100vw, 400px\" \/><\/a><\/figure>\n\n\n\n<p>La jornada comenz\u00f3 con la recorrida de la comitiva neuquina por industrias del \u00e1rea industrial de la ciudad culminando en un encuentro con m\u00e1s de 130 industriales, comerciantes y emprendedores de Armstrong y la zona, cuyo principal eje fue conocer, debatir y analizar la situaci\u00f3n actual y futura de Vaca Muerta, generar y establecer relaciones comerciales e industriales futuras entre ambas partes y potenciar nuestra industria local y zonal.<\/p>\n\n\n\n<p>La presentaci\u00f3n de dicho evento, que cont\u00f3 con la adhesi\u00f3n de Mesa Provincial de Gas, Petr\u00f3leo y Miner\u00eda de la Provincia de Santa Fe como tambi\u00e9n del Centro Comercial, Industrial y Rural de la ciudad de Armstrong, estuvo a cargo del Concejal Emiliano Gramigna y la Dra. Eliana Gramigna donde los referentes neuquinos expusieron sobre la realidad y las expectativas futuras de Vaca Muerta como tambi\u00e9n las demandas del sector.<\/p>\n\n\n\n<p>Luego de las exposiciones tuvo lugar una ronda de preguntas ampliatorias e inquietudes de los asistentes y a posteriori los presentes tuvieron la posibilidad de entablar conversaciones puntuales con los integrantes de la comitiva, presentar sus empresas, productos y comentar sus intereses en la mencionada regi\u00f3n neuquina.<\/p>\n\n\n\n<p>Para finalizar el Concejal Gramigna expres\u00f3 que \u201cEl trabajo articulado entre el sector p\u00fablico y privado resulta fundamental para acercar herramientas y construir puentes hacia el progreso de toda la sociedad. Esfuerzos que se traducen en mayores puestos de trabajo y evoluci\u00f3n de las econom\u00edas regionales\u201d.<\/p>\n\n\n\n<p>Los interesados podr\u00e1n ver el conversartorio accediendo al siguiente link&nbsp;<a href=\"https:\/\/www.youtube.com\/live\/e6hZm1x6Ysc?feature=share\" target=\"_blank\" rel=\"noreferrer noopener\">https:\/\/www.youtube.com\/live\/e6hZm1x6Ysc?feature=share<\/a><\/p>\n","protected":false},"excerpt":{"rendered":"<p>\ud835\ude0c\ud835\ude2e\ud835\ude31\ud835\ude33\ud835\ude26\ud835\ude34\ud835\ude22\ud835\ude34, \ud835\ude24\ud835\ude30\ud835\ude2e\ud835\ude26\ud835\ude33\ud835\ude24\ud835\ude2a\ud835\ude30\ud835\ude34 \ud835\ude3a \ud835\ude26\ud835\ude2e\ud835\ude31\ud835\ude33\ud835\ude26\ud835\ude2f\ud835\ude25\ud835\ude26\ud835\ude25\ud835\ude30\ud835\ude33\ud835\ude26\ud835\ude34 \ud835\ude25\ud835\ude26 \ud835\ude2d\ud835\ude22 \ud835\ude24\ud835\ude2a\ud835\ude36\ud835\ude25\ud835\ude22\ud835\ude25 \ud835\ude3a \ud835\ude2d\ud835\ude22 \ud835\ude3b\ud835\ude30\ud835\ude2f\ud835\ude22 \ud835\ude34\ud835\ude26 \ud835\ude29\ud835\ude2a\ud835\ude24\ud835\ude2a\ud835\ude26\ud835\ude33\ud835\ude30\ud835\ude2f \ud835\ude31\ud835\ude33\ud835\ude26\ud835\ude34\ud835\ude26\ud835\ude2f\ud835\ude35\ud835\ude26\ud835\ude34. Con el objetivo puesto en generar v\u00ednculos comerciales e industriales futuros, los Concejales Emiliano Gramigna y Jes\u00fas Urqu\u00eda, la Directora de Trenes Argentinos Eliana Gramigna e integrantes del espacio Renovaci\u00f3n por Armstrong, recibieron en la ciudad de Armstrong a Fernando Banderet, Intendente <a href=\"https:\/\/armstrongyregion.com.ar\/diario\/%f0%9d%90%91%f0%9d%90%84%f0%9d%90%8d%f0%9d%90%8e%f0%9d%90%95%f0%9d%90%80%f0%9d%90%82%f0%9d%90%88%f0%9d%90%8e%f0%9d%90%8d-%f0%9d%90%8f%f0%9d%90%8e%f0%9d%90%91-%f0%9d%90%80%f0%9d%90%91%f0%9d%90%8c\/\" title=\"Read more\" >&#8230;<\/a><\/p>\n","protected":false},"author":1,"featured_media":39572,"comment_status":"open","ping_status":"open","sticky":false,"template":"","format":"image","meta":{"_jetpack_memberships_contains_paid_content":false,"footnotes":"","jetpack_publicize_message":"","jetpack_publicize_feature_enabled":true,"jetpack_social_post_already_shared":true,"jetpack_social_options":{"image_generator_settings":{"template":"highway","default_image_id":0,"enabled":false},"version":2}},"categories":[8,1,2,7,3],"tags":[33,31,9656,60,388,9450,9655],"class_list":["post-39571","post","type-post","status-publish","format-image","has-post-thumbnail","hentry","category-deliberando","category-diario-armstrong","category-locales","category-politica","category-region","tag-a","tag-la","tag-muerta","tag-por","tag-region-2","tag-renovacion-2","tag-vaca","post_format-post-format-image"],"jetpack_publicize_connections":[],"jetpack_featured_media_url":"https:\/\/armstrongyregion.com.ar\/diario\/wp-content\/uploads\/2023\/07\/VACA-MUERTA-1-.jpg","jetpack_shortlink":"https:\/\/wp.me\/p62QDO-aif","jetpack_sharing_enabled":true,"amp_enabled":true,"_links":{"self":[{"href":"https:\/\/armstrongyregion.com.ar\/diario\/wp-json\/wp\/v2\/posts\/39571","targetHints":{"allow":["GET"]}}],"collection":[{"href":"https:\/\/armstrongyregion.com.ar\/diario\/wp-json\/wp\/v2\/posts"}],"about":[{"href":"https:\/\/armstrongyregion.com.ar\/diario\/wp-json\/wp\/v2\/types\/post"}],"author":[{"embeddable":true,"href":"https:\/\/armstrongyregion.com.ar\/diario\/wp-json\/wp\/v2\/users\/1"}],"replies":[{"embeddable":true,"href":"https:\/\/armstrongyregion.com.ar\/diario\/wp-json\/wp\/v2\/comments?post=39571"}],"version-history":[{"count":1,"href":"https:\/\/armstrongyregion.com.ar\/diario\/wp-json\/wp\/v2\/posts\/39571\/revisions"}],"predecessor-version":[{"id":39576,"href":"https:\/\/armstrongyregion.com.ar\/diario\/wp-json\/wp\/v2\/posts\/39571\/revisions\/39576"}],"wp:featuredmedia":[{"embeddable":true,"href":"https:\/\/armstrongyregion.com.ar\/diario\/wp-json\/wp\/v2\/media\/39572"}],"wp:attachment":[{"href":"https:\/\/armstrongyregion.com.ar\/diario\/wp-json\/wp\/v2\/media?parent=39571"}],"wp:term":[{"taxonomy":"category","embeddable":true,"href":"https:\/\/armstrongyregion.com.ar\/diario\/wp-json\/wp\/v2\/categories?post=39571"},{"taxonomy":"post_tag","embeddable":true,"href":"https:\/\/armstrongyregion.com.ar\/diario\/wp-json\/wp\/v2\/tags?post=39571"}],"curies":[{"name":"wp","href":"https:\/\/api.w.org\/{rel}","templated":true}]}}