{"id":39552,"date":"2023-07-26T02:22:00","date_gmt":"2023-07-26T02:22:00","guid":{"rendered":"https:\/\/armstrongyregion.com.ar\/diario\/?p=39552"},"modified":"2023-07-26T02:22:02","modified_gmt":"2023-07-26T02:22:02","slug":"armstrong-inscripcion-abierta-para-banderilleros-del-maraton","status":"publish","type":"post","link":"https:\/\/armstrongyregion.com.ar\/diario\/armstrong-inscripcion-abierta-para-banderilleros-del-maraton\/","title":{"rendered":"Armstrong. Inscripci\u00f3n abierta para banderilleros del marat\u00f3n."},"content":{"rendered":"\n<figure class=\"wp-block-image size-full\"><a href=\"http:\/\/armstrongyregion.com.ar\/diario\/wp-content\/uploads\/2023\/07\/maraton-2023-.jpg\"><img loading=\"lazy\" decoding=\"async\" width=\"338\" height=\"225\" src=\"http:\/\/armstrongyregion.com.ar\/diario\/wp-content\/uploads\/2023\/07\/maraton-2023-.jpg\" alt=\"\" class=\"wp-image-39553\" srcset=\"https:\/\/armstrongyregion.com.ar\/diario\/wp-content\/uploads\/2023\/07\/maraton-2023-.jpg 338w, https:\/\/armstrongyregion.com.ar\/diario\/wp-content\/uploads\/2023\/07\/maraton-2023--300x200.jpg 300w\" sizes=\"auto, (max-width: 338px) 100vw, 338px\" \/><\/a><\/figure>\n\n\n\n<p>La Municipalidad de Armstrong informa que se encuentra abierta la inscripci\u00f3n para todas las<br>personas que deseen oficiar de banderilleros en la pr\u00f3xima edici\u00f3n del marat\u00f3n Delfo Cabrera<br>que se realizar\u00e1 el domingo 6 de agosto de 2023.<br>El circuito Delfo Cabrera ya es oficial, con la certificaci\u00f3n correspondiente por el t\u00e9rmino de 5<br>a\u00f1os, en los 10 y 21 k.<br>Como sucede cada a\u00f1o, estar\u00e1 se\u00f1alizado en todo su recorrido, en cada kil\u00f3metro con carteles en<br>los laterales y marcas en el piso, para tranquilidad y comodidad de los atletas.<br>Comisarios deportivos integrantes de la Asociaci\u00f3n Rosarina de Atletismo (A.R.D.A.), entidad que<br>fiscaliza la prueba, transitar\u00e1n el recorrido en bicicleta, y se contar\u00e1 con la colaboraci\u00f3n de agentes<br>de tr\u00e1nsito.<br>Los interesados pueden anotarse escribiendo al tel\u00e9fono 03471-15325251.<br>Se solicita la colaboraci\u00f3n de la poblaci\u00f3n en general para no dejar autos estacionados en las calles<br>que integran el circuito, sobre todo en callej\u00f3n Per\u00fa entre San Luis e Iraci, y en calle Brown entre<br>La Plata e Iraci.<\/p>\n","protected":false},"excerpt":{"rendered":"<p>La Municipalidad de Armstrong informa que se encuentra abierta la inscripci\u00f3n para todas laspersonas que deseen oficiar de banderilleros en la pr\u00f3xima edici\u00f3n del marat\u00f3n Delfo Cabreraque se realizar\u00e1 el domingo 6 de agosto de 2023.El circuito Delfo Cabrera ya es oficial, con la certificaci\u00f3n correspondiente por el t\u00e9rmino de 5a\u00f1os, en los 10 y <a href=\"https:\/\/armstrongyregion.com.ar\/diario\/armstrong-inscripcion-abierta-para-banderilleros-del-maraton\/\" title=\"Read more\" >&#8230;<\/a><\/p>\n","protected":false},"author":1,"featured_media":39553,"comment_status":"open","ping_status":"open","sticky":false,"template":"","format":"image","meta":{"_jetpack_memberships_contains_paid_content":false,"footnotes":"","jetpack_publicize_message":"","jetpack_publicize_feature_enabled":true,"jetpack_social_post_already_shared":true,"jetpack_social_options":{"image_generator_settings":{"template":"highway","default_image_id":0,"enabled":false},"version":2}},"categories":[8,5,1,2,7,3],"tags":[433,9648,9649,81],"class_list":["post-39552","post","type-post","status-publish","format-image","has-post-thumbnail","hentry","category-deliberando","category-deportes","category-diario-armstrong","category-locales","category-politica","category-region","tag-abierta","tag-armstrong-inscripcion-2","tag-banderilleros","tag-para","post_format-post-format-image"],"jetpack_publicize_connections":[],"jetpack_featured_media_url":"https:\/\/armstrongyregion.com.ar\/diario\/wp-content\/uploads\/2023\/07\/maraton-2023-.jpg","jetpack_shortlink":"https:\/\/wp.me\/p62QDO-ahW","jetpack_sharing_enabled":true,"amp_enabled":true,"_links":{"self":[{"href":"https:\/\/armstrongyregion.com.ar\/diario\/wp-json\/wp\/v2\/posts\/39552","targetHints":{"allow":["GET"]}}],"collection":[{"href":"https:\/\/armstrongyregion.com.ar\/diario\/wp-json\/wp\/v2\/posts"}],"about":[{"href":"https:\/\/armstrongyregion.com.ar\/diario\/wp-json\/wp\/v2\/types\/post"}],"author":[{"embeddable":true,"href":"https:\/\/armstrongyregion.com.ar\/diario\/wp-json\/wp\/v2\/users\/1"}],"replies":[{"embeddable":true,"href":"https:\/\/armstrongyregion.com.ar\/diario\/wp-json\/wp\/v2\/comments?post=39552"}],"version-history":[{"count":1,"href":"https:\/\/armstrongyregion.com.ar\/diario\/wp-json\/wp\/v2\/posts\/39552\/revisions"}],"predecessor-version":[{"id":39554,"href":"https:\/\/armstrongyregion.com.ar\/diario\/wp-json\/wp\/v2\/posts\/39552\/revisions\/39554"}],"wp:featuredmedia":[{"embeddable":true,"href":"https:\/\/armstrongyregion.com.ar\/diario\/wp-json\/wp\/v2\/media\/39553"}],"wp:attachment":[{"href":"https:\/\/armstrongyregion.com.ar\/diario\/wp-json\/wp\/v2\/media?parent=39552"}],"wp:term":[{"taxonomy":"category","embeddable":true,"href":"https:\/\/armstrongyregion.com.ar\/diario\/wp-json\/wp\/v2\/categories?post=39552"},{"taxonomy":"post_tag","embeddable":true,"href":"https:\/\/armstrongyregion.com.ar\/diario\/wp-json\/wp\/v2\/tags?post=39552"}],"curies":[{"name":"wp","href":"https:\/\/api.w.org\/{rel}","templated":true}]}}