{"id":39545,"date":"2023-07-26T02:04:40","date_gmt":"2023-07-26T02:04:40","guid":{"rendered":"https:\/\/armstrongyregion.com.ar\/diario\/?p=39545"},"modified":"2023-07-26T02:04:43","modified_gmt":"2023-07-26T02:04:43","slug":"armstrong-ya-llega-el-maraton-delfo-cabrera-2023","status":"publish","type":"post","link":"https:\/\/armstrongyregion.com.ar\/diario\/armstrong-ya-llega-el-maraton-delfo-cabrera-2023\/","title":{"rendered":"Armstrong. Ya llega el marat\u00f3n Delfo Cabrera 2023."},"content":{"rendered":"\n<figure class=\"wp-block-image size-full\"><a href=\"http:\/\/armstrongyregion.com.ar\/diario\/wp-content\/uploads\/2023\/07\/maraton-.jpg\"><img loading=\"lazy\" decoding=\"async\" width=\"277\" height=\"400\" src=\"http:\/\/armstrongyregion.com.ar\/diario\/wp-content\/uploads\/2023\/07\/maraton-.jpg\" alt=\"\" class=\"wp-image-39546\" srcset=\"https:\/\/armstrongyregion.com.ar\/diario\/wp-content\/uploads\/2023\/07\/maraton-.jpg 277w, https:\/\/armstrongyregion.com.ar\/diario\/wp-content\/uploads\/2023\/07\/maraton--208x300.jpg 208w\" sizes=\"auto, (max-width: 277px) 100vw, 277px\" \/><\/a><\/figure>\n\n\n\n<p>La Municipalidad de Armstrong renueva la invitaci\u00f3n para que todos participen de la edici\u00f3n N\u00b0 19<br>del marat\u00f3n Delfo Cabrera que se realizar\u00e1 el pr\u00f3ximo 6 de agosto con largada desde Plaza<br>Flotron, y por la que hay mucha expectativa, a 75 a\u00f1os del logro del armstronense en Londres.<br>Como ya se ha informado, las distancias de 10k y 21k est\u00e1n homologadas y las inscripciones se<br>realizan a trav\u00e9s de www.eventick.com.ar.<br>En cuanto a las inscripciones para la prueba integrativa no competitiva de 6 km., se han enviado<br>las planillas a las escuelas para alumnos de niveles primario y medio, docentes, y a los gimnasios.<br>Para el p\u00fablico en general, dicha inscripci\u00f3n est\u00e1 abierta de lunes a viernes, de 8 a 12 hs en el<br>Museo Hist\u00f3rico, y de 16 a 18 hs. en el Conservatorio Municipal. El d\u00eda s\u00e1bado 5 de agosto podr\u00e1n<br>hacerlo en Plaza Flotron de 10 a 18 hs.<br>Los menores de edad necesitar\u00e1n la autorizaci\u00f3n de un mayor.<br>El recorrido de los 6 km tambi\u00e9n contar\u00e1 con servicio de hidrataci\u00f3n. Durante varias cuadras<br>compartir\u00e1n circuito con los competidores de 10 y 21k y, a la altura de calles Mart\u00ednez y Pte. Per\u00f3n<br>es el desv\u00edo para retomar y llegar al arribo.<br>Esta distancia se puede hacer caminando, trotando, corriendo, es a elecci\u00f3n de cada participante.<br>Tengamos en cuenta que estos 6 km es, para muchos, una previa para luego animarse a participar<br>de las categor\u00edas competitivas.<br>Todos los inscriptos tendr\u00e1n su remera y medalla, premios del 1\u00b0 al 5\u00b0 de cada categor\u00eda<br>competitiva damas y caballeros, y premios en efectivo para la general del 1\u00b0 al 5\u00b0 puesto, damas y<br>caballeros.<br>La fiscalizaci\u00f3n general est\u00e1 a cargo de la Asociaci\u00f3n Rosarina de Atletismo (A.R.D.A).<\/p>\n","protected":false},"excerpt":{"rendered":"<p>La Municipalidad de Armstrong renueva la invitaci\u00f3n para que todos participen de la edici\u00f3n N\u00b0 19del marat\u00f3n Delfo Cabrera que se realizar\u00e1 el pr\u00f3ximo 6 de agosto con largada desde PlazaFlotron, y por la que hay mucha expectativa, a 75 a\u00f1os del logro del armstronense en Londres.Como ya se ha informado, las distancias de 10k <a href=\"https:\/\/armstrongyregion.com.ar\/diario\/armstrong-ya-llega-el-maraton-delfo-cabrera-2023\/\" title=\"Read more\" >&#8230;<\/a><\/p>\n","protected":false},"author":1,"featured_media":39546,"comment_status":"open","ping_status":"open","sticky":false,"template":"","format":"image","meta":{"_jetpack_memberships_contains_paid_content":false,"footnotes":"","jetpack_publicize_message":"","jetpack_publicize_feature_enabled":true,"jetpack_social_post_already_shared":true,"jetpack_social_options":{"image_generator_settings":{"template":"highway","default_image_id":0,"enabled":false},"version":2}},"categories":[8,1,2,7,3],"tags":[20,9645,16,368,1562,173],"class_list":["post-39545","post","type-post","status-publish","format-image","has-post-thumbnail","hentry","category-deliberando","category-diario-armstrong","category-locales","category-politica","category-region","tag-armstrong","tag-delfo-cabrera","tag-el","tag-llega","tag-maraton","tag-ya","post_format-post-format-image"],"jetpack_publicize_connections":[],"jetpack_featured_media_url":"https:\/\/armstrongyregion.com.ar\/diario\/wp-content\/uploads\/2023\/07\/maraton-.jpg","jetpack_shortlink":"https:\/\/wp.me\/p62QDO-ahP","jetpack_sharing_enabled":true,"amp_enabled":true,"_links":{"self":[{"href":"https:\/\/armstrongyregion.com.ar\/diario\/wp-json\/wp\/v2\/posts\/39545","targetHints":{"allow":["GET"]}}],"collection":[{"href":"https:\/\/armstrongyregion.com.ar\/diario\/wp-json\/wp\/v2\/posts"}],"about":[{"href":"https:\/\/armstrongyregion.com.ar\/diario\/wp-json\/wp\/v2\/types\/post"}],"author":[{"embeddable":true,"href":"https:\/\/armstrongyregion.com.ar\/diario\/wp-json\/wp\/v2\/users\/1"}],"replies":[{"embeddable":true,"href":"https:\/\/armstrongyregion.com.ar\/diario\/wp-json\/wp\/v2\/comments?post=39545"}],"version-history":[{"count":2,"href":"https:\/\/armstrongyregion.com.ar\/diario\/wp-json\/wp\/v2\/posts\/39545\/revisions"}],"predecessor-version":[{"id":39548,"href":"https:\/\/armstrongyregion.com.ar\/diario\/wp-json\/wp\/v2\/posts\/39545\/revisions\/39548"}],"wp:featuredmedia":[{"embeddable":true,"href":"https:\/\/armstrongyregion.com.ar\/diario\/wp-json\/wp\/v2\/media\/39546"}],"wp:attachment":[{"href":"https:\/\/armstrongyregion.com.ar\/diario\/wp-json\/wp\/v2\/media?parent=39545"}],"wp:term":[{"taxonomy":"category","embeddable":true,"href":"https:\/\/armstrongyregion.com.ar\/diario\/wp-json\/wp\/v2\/categories?post=39545"},{"taxonomy":"post_tag","embeddable":true,"href":"https:\/\/armstrongyregion.com.ar\/diario\/wp-json\/wp\/v2\/tags?post=39545"}],"curies":[{"name":"wp","href":"https:\/\/api.w.org\/{rel}","templated":true}]}}