{"id":39541,"date":"2023-07-26T01:45:53","date_gmt":"2023-07-26T01:45:53","guid":{"rendered":"https:\/\/armstrongyregion.com.ar\/diario\/?p=39541"},"modified":"2023-07-26T01:45:56","modified_gmt":"2023-07-26T01:45:56","slug":"el-senador-hugo-jesus-rasetto-invita-a-celebrar-el-mes-de-las-infancias-en-iriondo","status":"publish","type":"post","link":"https:\/\/armstrongyregion.com.ar\/diario\/el-senador-hugo-jesus-rasetto-invita-a-celebrar-el-mes-de-las-infancias-en-iriondo\/","title":{"rendered":"\u00a0El senador Hugo Jes\u00fas Rasetto invita a celebrar el mes de las infancias en Iriondo."},"content":{"rendered":"\n<figure class=\"wp-block-image size-full\"><a href=\"http:\/\/armstrongyregion.com.ar\/diario\/wp-content\/uploads\/2023\/07\/infancias-Totoras.jpg\"><img loading=\"lazy\" decoding=\"async\" width=\"270\" height=\"270\" src=\"http:\/\/armstrongyregion.com.ar\/diario\/wp-content\/uploads\/2023\/07\/infancias-Totoras.jpg\" alt=\"\" class=\"wp-image-39542\" srcset=\"https:\/\/armstrongyregion.com.ar\/diario\/wp-content\/uploads\/2023\/07\/infancias-Totoras.jpg 270w, https:\/\/armstrongyregion.com.ar\/diario\/wp-content\/uploads\/2023\/07\/infancias-Totoras-150x150.jpg 150w\" sizes=\"auto, (max-width: 270px) 100vw, 270px\" \/><\/a><\/figure>\n\n\n\n<p>El departamento de Iriondo se prepara para festejar el mes de las infancias con una serie de actividades<br>recreativas y culturales para toda la familia. El primer encuentro ser\u00e1 este 28 de julio de 12 h a 18 h en<br>el Albergue Municipal para Delegaciones de Totoras, donde se presentar\u00e1 el Payaso Galupa y sus amigos<br>con un espect\u00e1culo lleno de juegos y sorpresas.<br>\u201cQueremos que los ni\u00f1os y ni\u00f1as de Iriondo disfruten de su mes con alegr\u00eda y diversi\u00f3n, y que compartan<br>momentos inolvidables con sus familias y amigos\u201d, expres\u00f3 el senador Rasetto, impulsor de la iniciativa.<br>El evento es gratuito y abierto a todo el p\u00fablico, y en esta ocasi\u00f3n ser\u00e1 organizado por el Senador junto<br>al Municipio de Totoras. Se espera que el mes de las infancias contin\u00fae con m\u00e1s propuestas en las<br>distintas localidades del departamento durante todo el mes de agosto.<\/p>\n\n\n\n<p><\/p>\n","protected":false},"excerpt":{"rendered":"<p>El departamento de Iriondo se prepara para festejar el mes de las infancias con una serie de actividadesrecreativas y culturales para toda la familia. El primer encuentro ser\u00e1 este 28 de julio de 12 h a 18 h enel Albergue Municipal para Delegaciones de Totoras, donde se presentar\u00e1 el Payaso Galupa y sus amigoscon un <a href=\"https:\/\/armstrongyregion.com.ar\/diario\/el-senador-hugo-jesus-rasetto-invita-a-celebrar-el-mes-de-las-infancias-en-iriondo\/\" title=\"Read more\" >&#8230;<\/a><\/p>\n","protected":false},"author":1,"featured_media":39542,"comment_status":"open","ping_status":"open","sticky":false,"template":"","format":"image","meta":{"_jetpack_memberships_contains_paid_content":false,"footnotes":"","jetpack_publicize_message":"","jetpack_publicize_feature_enabled":true,"jetpack_social_post_already_shared":true,"jetpack_social_options":{"image_generator_settings":{"template":"highway","default_image_id":0,"enabled":false},"version":2}},"categories":[6,8,1,2,7,3],"tags":[33,1819,19,9643,9644,1920],"class_list":["post-39541","post","type-post","status-publish","format-image","has-post-thumbnail","hentry","category-cultura-entretenimiento","category-deliberando","category-diario-armstrong","category-locales","category-politica","category-region","tag-a","tag-celebrar","tag-de","tag-hugo-rasetto","tag-infancias","tag-invita","post_format-post-format-image"],"jetpack_publicize_connections":[],"jetpack_featured_media_url":"https:\/\/armstrongyregion.com.ar\/diario\/wp-content\/uploads\/2023\/07\/infancias-Totoras.jpg","jetpack_shortlink":"https:\/\/wp.me\/p62QDO-ahL","jetpack_sharing_enabled":true,"amp_enabled":true,"_links":{"self":[{"href":"https:\/\/armstrongyregion.com.ar\/diario\/wp-json\/wp\/v2\/posts\/39541","targetHints":{"allow":["GET"]}}],"collection":[{"href":"https:\/\/armstrongyregion.com.ar\/diario\/wp-json\/wp\/v2\/posts"}],"about":[{"href":"https:\/\/armstrongyregion.com.ar\/diario\/wp-json\/wp\/v2\/types\/post"}],"author":[{"embeddable":true,"href":"https:\/\/armstrongyregion.com.ar\/diario\/wp-json\/wp\/v2\/users\/1"}],"replies":[{"embeddable":true,"href":"https:\/\/armstrongyregion.com.ar\/diario\/wp-json\/wp\/v2\/comments?post=39541"}],"version-history":[{"count":2,"href":"https:\/\/armstrongyregion.com.ar\/diario\/wp-json\/wp\/v2\/posts\/39541\/revisions"}],"predecessor-version":[{"id":39544,"href":"https:\/\/armstrongyregion.com.ar\/diario\/wp-json\/wp\/v2\/posts\/39541\/revisions\/39544"}],"wp:featuredmedia":[{"embeddable":true,"href":"https:\/\/armstrongyregion.com.ar\/diario\/wp-json\/wp\/v2\/media\/39542"}],"wp:attachment":[{"href":"https:\/\/armstrongyregion.com.ar\/diario\/wp-json\/wp\/v2\/media?parent=39541"}],"wp:term":[{"taxonomy":"category","embeddable":true,"href":"https:\/\/armstrongyregion.com.ar\/diario\/wp-json\/wp\/v2\/categories?post=39541"},{"taxonomy":"post_tag","embeddable":true,"href":"https:\/\/armstrongyregion.com.ar\/diario\/wp-json\/wp\/v2\/tags?post=39541"}],"curies":[{"name":"wp","href":"https:\/\/api.w.org\/{rel}","templated":true}]}}