{"id":39508,"date":"2023-07-21T00:59:07","date_gmt":"2023-07-21T00:59:07","guid":{"rendered":"https:\/\/armstrongyregion.com.ar\/diario\/?p=39508"},"modified":"2023-07-21T00:59:10","modified_gmt":"2023-07-21T00:59:10","slug":"armstrong-paro-nacional-y-manifestacion-de-obreros-de-uom-en-el-ingreso-al-area-industrial","status":"publish","type":"post","link":"https:\/\/armstrongyregion.com.ar\/diario\/armstrong-paro-nacional-y-manifestacion-de-obreros-de-uom-en-el-ingreso-al-area-industrial\/","title":{"rendered":"Armstrong. Paro nacional y manifestaci\u00f3n de obreros de UOM en el ingreso al \u00e1rea industrial."},"content":{"rendered":"\n<figure class=\"wp-block-image size-full\"><a href=\"http:\/\/armstrongyregion.com.ar\/diario\/wp-content\/uploads\/2023\/07\/PARO-UOM-1.jpg\"><img loading=\"lazy\" decoding=\"async\" width=\"489\" height=\"286\" src=\"http:\/\/armstrongyregion.com.ar\/diario\/wp-content\/uploads\/2023\/07\/PARO-UOM-1.jpg\" alt=\"\" class=\"wp-image-39509\" srcset=\"https:\/\/armstrongyregion.com.ar\/diario\/wp-content\/uploads\/2023\/07\/PARO-UOM-1.jpg 489w, https:\/\/armstrongyregion.com.ar\/diario\/wp-content\/uploads\/2023\/07\/PARO-UOM-1-300x175.jpg 300w\" sizes=\"auto, (max-width: 489px) 100vw, 489px\" \/><\/a><\/figure>\n\n\n\n<p>En la noche del mi\u00e9rcoles, madrugada y ma\u00f1ana del jueves, se llev\u00f3 a cabo una mobiliaci\u00f3n con tambores y bombas de estruendo por parte de una gran cantidad de representantes del gremio de la Uni\u00f3n Obrera Metal\u00fargica.<\/p>\n\n\n\n<figure class=\"wp-block-image size-full\"><a href=\"http:\/\/armstrongyregion.com.ar\/diario\/wp-content\/uploads\/2023\/07\/PARO-UOM-2-.jpg\"><img loading=\"lazy\" decoding=\"async\" width=\"468\" height=\"299\" src=\"http:\/\/armstrongyregion.com.ar\/diario\/wp-content\/uploads\/2023\/07\/PARO-UOM-2-.jpg\" alt=\"\" class=\"wp-image-39510\" srcset=\"https:\/\/armstrongyregion.com.ar\/diario\/wp-content\/uploads\/2023\/07\/PARO-UOM-2-.jpg 468w, https:\/\/armstrongyregion.com.ar\/diario\/wp-content\/uploads\/2023\/07\/PARO-UOM-2--300x192.jpg 300w\" sizes=\"auto, (max-width: 468px) 100vw, 468px\" \/><\/a><\/figure>\n\n\n\n<p>Daniel Mart\u00ednez referente de la seccional Ca\u00f1ada de G\u00f3mez inform\u00f3 que los metal\u00fargicos estan en un plan de lucha luego de cinco encuentros de negociaci\u00f3n paritaria sin avances.<\/p>\n\n\n\n<p>La<a rel=\"noreferrer noopener\" href=\"https:\/\/www.ambito.com\/informacion-general\/protestas-la-uom-puerto-madero-mejoras-salariales-n5773374\" target=\"_blank\"><strong>\u00a0Uni\u00f3n Obrera Metal\u00fargica (UOM)<\/strong><\/a>\u00a0decidi\u00f3 ir a un paro por 48 horas luego de que las dos jornadas de negociaci\u00f3n paritaria del mi\u00e9rcoles fracasaran. El plan de acci\u00f3n del sindicato prev\u00e9 adem\u00e1s del paro de este jueves y viernes, otros m\u00e1s de 72 horas el mi\u00e9rcoles 26, jueves 27 y viernes 28.<\/p>\n\n\n\n<p>Desde el gremio, insisten que su objetivo es \u00abla recuperaci\u00f3n y recomposici\u00f3n del salario justo y digno para todas y todos los trabajadores metal\u00fargicos\u00bb. De ah\u00ed la activaci\u00f3n de este<strong>\u00a0Plan Nacional de Lucha\u00a0<\/strong>en tres etapas de acci\u00f3n sindical que ir\u00e1n in crescendo desde esta semana.<\/p>\n\n\n\n<p><strong>La UOM sintetiz\u00f3 algunos de los argumentos que volcaron en la mesa del Ministerio de Trabajo.<\/strong> Aseguran que \u00abaportando 189 horas a la\u00a0<strong>producci\u00f3n industria<\/strong>l, las y los trabajadores no llegan a fin de mes.\u00bb Y subrayan que el\u00a0<strong>salario\u00a0<\/strong>actual para un operario ingresante se ubica en los $129.723,93 mientras que la canasta alimentaria de junio, que fija la l\u00ednea de pobreza en Argentina, se ubic\u00f3 en $217.915,79.<\/p>\n\n\n\n<p>\u00abEl s<strong>alario metal\u00fargico&nbsp;<\/strong>perdi\u00f3 casi 20% de poder adquisitivo durante el gobierno de Macri y sigui\u00f3 perdiendo durante la pandemia. Mientras los \u00edndices de producci\u00f3n metal\u00fargica se recuperaron y el uso de capacidad instalada asciende 68,9%, el mejor de los \u00faltimos siete a\u00f1os\u00bb, fundamentaron en la misma s\u00edntesis. As\u00ed se produce \u00abel hecho in\u00e9dito de la historia del trabajo en Argentina: empleo registrado con&nbsp;<strong>salarios&nbsp;<\/strong>por debajo de la l\u00ednea de pobreza\u00bb.<\/p>\n\n\n\n<h2 class=\"wp-block-heading\">UOM- Empresarios: qu\u00e9 se discute en las mesas de negociaci\u00f3n<\/h2>\n\n\n\n<p>El gremio pide un aumento salarial de 60% por el primer semestre de su convenio colectivo y una suma fija. Es decir, un acuerdo trimestral que parte de un 10% retroactivo a junio y un 30% hasta septiembre, m\u00e1s un<strong>&nbsp;bono&nbsp;<\/strong>por \u00fanica vez de $60.000 por el<strong>&nbsp;D\u00eda del Metal\u00fargico<\/strong>&nbsp;del 7 de septiembre, a pagarse ese mismo mes.<\/p>\n\n\n\n<p>\u00abSumado a las ventajas comparativas que ofrece el tipo de cambio y el bajo costo de la energ\u00eda, las empresas tienen abultadas ganancias hoy en la Argentina\u00bb, expres\u00f3 la UOM en su \u00faltimo comunicado.<\/p>\n","protected":false},"excerpt":{"rendered":"<p>En la noche del mi\u00e9rcoles, madrugada y ma\u00f1ana del jueves, se llev\u00f3 a cabo una mobiliaci\u00f3n con tambores y bombas de estruendo por parte de una gran cantidad de representantes del gremio de la Uni\u00f3n Obrera Metal\u00fargica. Daniel Mart\u00ednez referente de la seccional Ca\u00f1ada de G\u00f3mez inform\u00f3 que los metal\u00fargicos estan en un plan de <a href=\"https:\/\/armstrongyregion.com.ar\/diario\/armstrong-paro-nacional-y-manifestacion-de-obreros-de-uom-en-el-ingreso-al-area-industrial\/\" title=\"Read more\" >&#8230;<\/a><\/p>\n","protected":false},"author":1,"featured_media":39509,"comment_status":"open","ping_status":"open","sticky":false,"template":"","format":"image","meta":{"_jetpack_memberships_contains_paid_content":false,"footnotes":"","jetpack_publicize_message":"","jetpack_publicize_feature_enabled":true,"jetpack_social_post_already_shared":true,"jetpack_social_options":{"image_generator_settings":{"template":"highway","default_image_id":0,"enabled":false},"version":2}},"categories":[8,1,2,7,3],"tags":[903,20,19,15,22,2380,1788,621,9636,1026,382,13],"class_list":["post-39508","post","type-post","status-publish","format-image","has-post-thumbnail","hentry","category-deliberando","category-diario-armstrong","category-locales","category-politica","category-region","tag-area","tag-armstrong","tag-de","tag-en","tag-industrial","tag-ingreso","tag-manifestacion","tag-nacional","tag-obreros","tag-paro","tag-uom","tag-y","post_format-post-format-image"],"jetpack_publicize_connections":[],"jetpack_featured_media_url":"https:\/\/armstrongyregion.com.ar\/diario\/wp-content\/uploads\/2023\/07\/PARO-UOM-1.jpg","jetpack_shortlink":"https:\/\/wp.me\/p62QDO-ahe","jetpack_sharing_enabled":true,"amp_enabled":true,"_links":{"self":[{"href":"https:\/\/armstrongyregion.com.ar\/diario\/wp-json\/wp\/v2\/posts\/39508","targetHints":{"allow":["GET"]}}],"collection":[{"href":"https:\/\/armstrongyregion.com.ar\/diario\/wp-json\/wp\/v2\/posts"}],"about":[{"href":"https:\/\/armstrongyregion.com.ar\/diario\/wp-json\/wp\/v2\/types\/post"}],"author":[{"embeddable":true,"href":"https:\/\/armstrongyregion.com.ar\/diario\/wp-json\/wp\/v2\/users\/1"}],"replies":[{"embeddable":true,"href":"https:\/\/armstrongyregion.com.ar\/diario\/wp-json\/wp\/v2\/comments?post=39508"}],"version-history":[{"count":1,"href":"https:\/\/armstrongyregion.com.ar\/diario\/wp-json\/wp\/v2\/posts\/39508\/revisions"}],"predecessor-version":[{"id":39511,"href":"https:\/\/armstrongyregion.com.ar\/diario\/wp-json\/wp\/v2\/posts\/39508\/revisions\/39511"}],"wp:featuredmedia":[{"embeddable":true,"href":"https:\/\/armstrongyregion.com.ar\/diario\/wp-json\/wp\/v2\/media\/39509"}],"wp:attachment":[{"href":"https:\/\/armstrongyregion.com.ar\/diario\/wp-json\/wp\/v2\/media?parent=39508"}],"wp:term":[{"taxonomy":"category","embeddable":true,"href":"https:\/\/armstrongyregion.com.ar\/diario\/wp-json\/wp\/v2\/categories?post=39508"},{"taxonomy":"post_tag","embeddable":true,"href":"https:\/\/armstrongyregion.com.ar\/diario\/wp-json\/wp\/v2\/tags?post=39508"}],"curies":[{"name":"wp","href":"https:\/\/api.w.org\/{rel}","templated":true}]}}