{"id":39505,"date":"2023-07-21T00:13:14","date_gmt":"2023-07-21T00:13:14","guid":{"rendered":"https:\/\/armstrongyregion.com.ar\/diario\/?p=39505"},"modified":"2023-07-21T00:13:17","modified_gmt":"2023-07-21T00:13:17","slug":"martonaro-en-la-ultima-semana-aumento-mas-de-5-la-vacunacion-antigripal-pediatrica","status":"publish","type":"post","link":"https:\/\/armstrongyregion.com.ar\/diario\/martonaro-en-la-ultima-semana-aumento-mas-de-5-la-vacunacion-antigripal-pediatrica\/","title":{"rendered":"Martonaro: \u201cEn la \u00faltima semana aument\u00f3 m\u00e1s de 5% la vacunaci\u00f3n antigripal pedi\u00e1trica\u201d"},"content":{"rendered":"\n<figure class=\"wp-block-image size-full\"><a href=\"http:\/\/armstrongyregion.com.ar\/diario\/wp-content\/uploads\/2023\/07\/VACUNA-ANTIGRIPAL..jpg\"><img loading=\"lazy\" decoding=\"async\" width=\"375\" height=\"250\" src=\"http:\/\/armstrongyregion.com.ar\/diario\/wp-content\/uploads\/2023\/07\/VACUNA-ANTIGRIPAL..jpg\" alt=\"\" class=\"wp-image-39506\" srcset=\"https:\/\/armstrongyregion.com.ar\/diario\/wp-content\/uploads\/2023\/07\/VACUNA-ANTIGRIPAL..jpg 375w, https:\/\/armstrongyregion.com.ar\/diario\/wp-content\/uploads\/2023\/07\/VACUNA-ANTIGRIPAL.-300x200.jpg 300w\" sizes=\"auto, (max-width: 375px) 100vw, 375px\" \/><\/a><\/figure>\n\n\n\n<h2 class=\"wp-block-heading\">Si bien se redujeron las internaciones por otras enfermedades respiratorias, fundamentalmente en ni\u00f1os, la ministra de Salud de la provincia de Santa Fe recomend\u00f3 aplicarse la dosis anual.<\/h2>\n\n\n\n<p>La provincia, a trav\u00e9s del Ministerio de Salud, contin\u00faa recomendando que la poblaci\u00f3n objetivo m\u00e1s vulnerable, fundamentalmente ni\u00f1os y ni\u00f1as de seis a 24 meses, se apliquen la vacuna contra la gripe, dada la preponderante circulaci\u00f3n de los virus influenza y parainfluenza, que provocan esta enfermedad; y en tanto se siguen transitando los meses de alta demanda de atenci\u00f3n por infecciones respiratorias agudas.&nbsp;<\/p>\n\n\n\n<p>Ante esto, la ministra de Salud, Sonia Martorano, destac\u00f3 que \u201caument\u00f3 la cantidad de poblaci\u00f3n pedi\u00e1trica inmunizada ascendiendo al 50 por ciento, con un incremento del 5% en la \u00faltima semana; al tiempo que la ocupaci\u00f3n de camas se redujo a un 60 por ciento, por lo cual hay disponibles en la provincia camas de pediatr\u00eda generales y cr\u00edticas\u201d.<\/p>\n\n\n\n<p>\u201cAfortunadamente \u2013destac\u00f3 tambi\u00e9n Martorano\u2013 el grupo que se autopercibe como vulnerable y que realmente lo es, es el de los mayores de 65 a\u00f1os, en donde tenemos un 100 por ciento de cobertura\u201d.&nbsp;<\/p>\n\n\n\n<p>\u201cEsto adem\u00e1s fue posible no solo por ello, sino tambi\u00e9n por un trabajo muy dedicado que hicimos en toda la provincia con operativos m\u00f3viles de vacunaci\u00f3n en geri\u00e1tricos, en donde la inmunizaci\u00f3n tambi\u00e9n la recibi\u00f3 el personal de salud y general que trabaja en estas instituciones\u201d, valor\u00f3 la ministra.<\/p>\n\n\n\n<p>\u201cHabitualmente junio, julio y agosto, son los meses de alta demanda de atenci\u00f3n por infecciones respiratorias, y estamos en este momento atravesando el pico. Si bien vemos una disminuci\u00f3n de los contagios por rinovirus, adenovirus y sincicial respiratorio, y una disminuci\u00f3n de las internaciones, no obstante comenz\u00f3 a aumentar la circulaci\u00f3n de los virus influenza y parainfluenza. Seguimos recomendando entonces vacunarse y vacunar a ni\u00f1os y ni\u00f1as\u201d, describi\u00f3 Sonia Martorano.&nbsp;<\/p>\n\n\n\n<p>Y enfatiz\u00f3 la ministra: \u201cA diferencia de los otros virus, para este s\u00ed tenemos vacunas, la antigripal que se est\u00e1 colocando y est\u00e1 disponible en todos los efectores de salud para la poblaci\u00f3n objetivo. Es decir, est\u00e1 al alcance de todos\u201d.&nbsp;<\/p>\n\n\n\n<p>Vale recordar que la campa\u00f1a de vacunaci\u00f3n antigripal, establecida en el calendario nacional, obligatorio y gratuito, comprende como poblaci\u00f3n destinataria al personal de salud; a los ni\u00f1os y ni\u00f1as de 6 a 24 meses; a personas embarazadas, pu\u00e9rperas; a mayores de 65 a\u00f1os; o bien de cualquier edad que tenga alguna enfermedad inmunol\u00f3gica o cr\u00f3nica (card\u00edaca, renal, diabetes, inmunosupresi\u00f3n, EPOC, obesidad m\u00f3rbida, entre otras).<\/p>\n\n\n\n<p>Finalmente Sonia Martorano, inst\u00f3 a las personas con comorbilidades y factores de riesgo, de los 2 a 65 a\u00f1os, a seguir concurriendo a vacunarse, grupo en el que tambi\u00e9n se alcanz\u00f3 el 50 por ciento de inmunizaci\u00f3n.<\/p>\n","protected":false},"excerpt":{"rendered":"<p>Si bien se redujeron las internaciones por otras enfermedades respiratorias, fundamentalmente en ni\u00f1os, la ministra de Salud de la provincia de Santa Fe recomend\u00f3 aplicarse la dosis anual. La provincia, a trav\u00e9s del Ministerio de Salud, contin\u00faa recomendando que la poblaci\u00f3n objetivo m\u00e1s vulnerable, fundamentalmente ni\u00f1os y ni\u00f1as de seis a 24 meses, se apliquen <a href=\"https:\/\/armstrongyregion.com.ar\/diario\/martonaro-en-la-ultima-semana-aumento-mas-de-5-la-vacunacion-antigripal-pediatrica\/\" title=\"Read more\" >&#8230;<\/a><\/p>\n","protected":false},"author":1,"featured_media":39506,"comment_status":"open","ping_status":"open","sticky":false,"template":"","format":"image","meta":{"_jetpack_memberships_contains_paid_content":false,"footnotes":"","jetpack_publicize_message":"","jetpack_publicize_feature_enabled":true,"jetpack_social_post_already_shared":true,"jetpack_social_options":{"image_generator_settings":{"template":"highway","default_image_id":0,"enabled":false},"version":2}},"categories":[6,8,1,2,7,4,3],"tags":[9634,9635,8870,19,8846,9022,3823,8621],"class_list":["post-39505","post","type-post","status-publish","format-image","has-post-thumbnail","hentry","category-cultura-entretenimiento","category-deliberando","category-diario-armstrong","category-locales","category-politica","category-prevencion-salud","category-region","tag-5-2","tag-antigripal","tag-aumento-2","tag-de","tag-martorano","tag-mas-2","tag-pediatrica","tag-vacunacion","post_format-post-format-image"],"jetpack_publicize_connections":[],"jetpack_featured_media_url":"https:\/\/armstrongyregion.com.ar\/diario\/wp-content\/uploads\/2023\/07\/VACUNA-ANTIGRIPAL..jpg","jetpack_shortlink":"https:\/\/wp.me\/p62QDO-ahb","jetpack_sharing_enabled":true,"amp_enabled":true,"_links":{"self":[{"href":"https:\/\/armstrongyregion.com.ar\/diario\/wp-json\/wp\/v2\/posts\/39505","targetHints":{"allow":["GET"]}}],"collection":[{"href":"https:\/\/armstrongyregion.com.ar\/diario\/wp-json\/wp\/v2\/posts"}],"about":[{"href":"https:\/\/armstrongyregion.com.ar\/diario\/wp-json\/wp\/v2\/types\/post"}],"author":[{"embeddable":true,"href":"https:\/\/armstrongyregion.com.ar\/diario\/wp-json\/wp\/v2\/users\/1"}],"replies":[{"embeddable":true,"href":"https:\/\/armstrongyregion.com.ar\/diario\/wp-json\/wp\/v2\/comments?post=39505"}],"version-history":[{"count":1,"href":"https:\/\/armstrongyregion.com.ar\/diario\/wp-json\/wp\/v2\/posts\/39505\/revisions"}],"predecessor-version":[{"id":39507,"href":"https:\/\/armstrongyregion.com.ar\/diario\/wp-json\/wp\/v2\/posts\/39505\/revisions\/39507"}],"wp:featuredmedia":[{"embeddable":true,"href":"https:\/\/armstrongyregion.com.ar\/diario\/wp-json\/wp\/v2\/media\/39506"}],"wp:attachment":[{"href":"https:\/\/armstrongyregion.com.ar\/diario\/wp-json\/wp\/v2\/media?parent=39505"}],"wp:term":[{"taxonomy":"category","embeddable":true,"href":"https:\/\/armstrongyregion.com.ar\/diario\/wp-json\/wp\/v2\/categories?post=39505"},{"taxonomy":"post_tag","embeddable":true,"href":"https:\/\/armstrongyregion.com.ar\/diario\/wp-json\/wp\/v2\/tags?post=39505"}],"curies":[{"name":"wp","href":"https:\/\/api.w.org\/{rel}","templated":true}]}}