{"id":39479,"date":"2023-07-18T00:21:47","date_gmt":"2023-07-18T00:21:47","guid":{"rendered":"https:\/\/armstrongyregion.com.ar\/diario\/?p=39479"},"modified":"2023-07-18T00:21:49","modified_gmt":"2023-07-18T00:21:49","slug":"clara-garcia-encabezara-la-lista-de-diputados-de-unidos-para-cambiar-santa-fe-vamos-a-derrotar-a-perotti-en-septiembre","status":"publish","type":"post","link":"https:\/\/armstrongyregion.com.ar\/diario\/clara-garcia-encabezara-la-lista-de-diputados-de-unidos-para-cambiar-santa-fe-vamos-a-derrotar-a-perotti-en-septiembre\/","title":{"rendered":"Clara Garc\u00eda encabezar\u00e1 la lista de diputados de Unidos Para Cambiar Santa Fe: \u201cVamos a derrotar a Perotti en septiembre\u00bb"},"content":{"rendered":"\n<figure class=\"wp-block-image size-full\"><a href=\"http:\/\/armstrongyregion.com.ar\/diario\/wp-content\/uploads\/2023\/07\/CLARA-GARCIA.jpg\"><img loading=\"lazy\" decoding=\"async\" width=\"400\" height=\"267\" src=\"http:\/\/armstrongyregion.com.ar\/diario\/wp-content\/uploads\/2023\/07\/CLARA-GARCIA.jpg\" alt=\"\" class=\"wp-image-39480\" srcset=\"https:\/\/armstrongyregion.com.ar\/diario\/wp-content\/uploads\/2023\/07\/CLARA-GARCIA.jpg 400w, https:\/\/armstrongyregion.com.ar\/diario\/wp-content\/uploads\/2023\/07\/CLARA-GARCIA-300x200.jpg 300w\" sizes=\"auto, (max-width: 400px) 100vw, 400px\" \/><\/a><\/figure>\n\n\n\n<h2 class=\"wp-block-heading\">Clara Garc\u00eda encabezar\u00e1 la lista de diputadas y diputados de Unidos Para Cambiar Santa Fe: \u201cVamos a derrotar a Perotti en septiembre y a dar garant\u00eda de gobernabilidad a la pr\u00f3xima gesti\u00f3n\u201d.<\/h2>\n\n\n\n<p><em>La actual legisladora se impuso en la interna y ser\u00e1 acompa\u00f1ada por Jos\u00e9 Corral, Dionisio Scarp\u00edn y Rosana Bellatti en los primeros lugares de cara a las elecciones generales. \u201cCon generosidad, di\u00e1logo pol\u00edtico e inteligencia generaremos los acuerdos para llevar adelante un gobierno que se ocupe de resolver los graves problemas que dejar\u00e1 la actual gesti\u00f3n\u201d, sostuvo.<\/em><br>\u00a0<\/p>\n\n\n\n<p>Tras las Primarias Abiertas Simult\u00e1neas y Obligatorias desarrolladas este domingo, Clara Garc\u00eda se impuso en la interna de Unidos Para Cambiar Santa Fe y ser\u00e1 quien encabece la lista de candidatos a diputadas y diputados provinciales que acompa\u00f1ar\u00e1 al candidato a gobernador del espacio, Maximiliano Pullaro, con quien mantuvo una comunicaci\u00f3n telef\u00f3nica y se comprometieron a trabajar juntos para el triunfo en las elecciones generales del pr\u00f3ximo 10 de septiembre.<br><br>\u201cEl triunfo de la lista Adelante lo ven\u00edamos sintiendo en la calle, en las recorridas por toda la provincia\u201d, afirm\u00f3 Garc\u00eda tras el triunfo y agreg\u00f3: \u201cSiento un enorme agradecimiento por los m\u00e1s de 150 mil santafesinas y santafesinos que confiaron en nosotros y tambi\u00e9n un orgullo por el Partido Socialista, la militancia y los fiscales con el que logramos una victoria en una cancha totalmente nacionalizada y polarizada en funci\u00f3n de una interna para dirimir un candidato a presidente la Naci\u00f3n. Por eso, el valor los m\u00e1s de 150 mil votos que obtuvimos tiene un peso m\u00e1s grande a\u00fan, porque nos enfrentamos a esas dos estructuras y a un ex gobernador y logramos imponernos\u201d, se\u00f1al\u00f3.&nbsp;<br><br>\u201cVamos a redoblar nuestro compromiso con nuestros votantes y con todos los que acompa\u00f1aron con su sufragio las listas Unidos para Cambiar Santa Fe para derrotar al gobernador Omar Perotti en septiembre \u2013 indic\u00f3 la actual legisladora \u2013, y garantizarle la gobernabilidad que necesitar\u00e1 el pr\u00f3ximo gobernador de Santa Fe\u201d.<br><br>En este sentido, sostuvo que \u201ca partir de ahora trabajaremos junto a Maximiliano Pullaro, como lo hicimos durante los 12 a\u00f1os de gobierno del Frente Progresista, en los cuales con mucho debate y di\u00e1logo pol\u00edtico pudimos construir un plan estrat\u00e9gico y un proyecto de provincia\u201d. Y remarc\u00f3: \u201cTenemos por delante la enorme tarea de reconstruir Santa Fe que va a quedar con graves problemas por resolver como la inseguridad, la educaci\u00f3n, la salud y el deterioro del campo y la producci\u00f3n. Con generosidad e inteligencia estamos seguros que lo vamos a lograr\u201d, finaliz\u00f3.<\/p>\n","protected":false},"excerpt":{"rendered":"<p>Clara Garc\u00eda encabezar\u00e1 la lista de diputadas y diputados de Unidos Para Cambiar Santa Fe: \u201cVamos a derrotar a Perotti en septiembre y a dar garant\u00eda de gobernabilidad a la pr\u00f3xima gesti\u00f3n\u201d. La actual legisladora se impuso en la interna y ser\u00e1 acompa\u00f1ada por Jos\u00e9 Corral, Dionisio Scarp\u00edn y Rosana Bellatti en los primeros lugares <a href=\"https:\/\/armstrongyregion.com.ar\/diario\/clara-garcia-encabezara-la-lista-de-diputados-de-unidos-para-cambiar-santa-fe-vamos-a-derrotar-a-perotti-en-septiembre\/\" title=\"Read more\" >&#8230;<\/a><\/p>\n","protected":false},"author":1,"featured_media":39480,"comment_status":"open","ping_status":"open","sticky":false,"template":"","format":"image","meta":{"_jetpack_memberships_contains_paid_content":false,"footnotes":"","jetpack_publicize_message":"","jetpack_publicize_feature_enabled":true,"jetpack_social_post_already_shared":true,"jetpack_social_options":{"image_generator_settings":{"template":"highway","default_image_id":0,"enabled":false},"version":2}},"categories":[8,1,2,7,3],"tags":[9623,19,9626,9624,31,828],"class_list":["post-39479","post","type-post","status-publish","format-image","has-post-thumbnail","hentry","category-deliberando","category-diario-armstrong","category-locales","category-politica","category-region","tag-clara-garcia-2","tag-de","tag-diputados-2","tag-encabezara","tag-la","tag-lista","post_format-post-format-image"],"jetpack_publicize_connections":[],"jetpack_featured_media_url":"https:\/\/armstrongyregion.com.ar\/diario\/wp-content\/uploads\/2023\/07\/CLARA-GARCIA.jpg","jetpack_shortlink":"https:\/\/wp.me\/p62QDO-agL","jetpack_sharing_enabled":true,"amp_enabled":true,"_links":{"self":[{"href":"https:\/\/armstrongyregion.com.ar\/diario\/wp-json\/wp\/v2\/posts\/39479","targetHints":{"allow":["GET"]}}],"collection":[{"href":"https:\/\/armstrongyregion.com.ar\/diario\/wp-json\/wp\/v2\/posts"}],"about":[{"href":"https:\/\/armstrongyregion.com.ar\/diario\/wp-json\/wp\/v2\/types\/post"}],"author":[{"embeddable":true,"href":"https:\/\/armstrongyregion.com.ar\/diario\/wp-json\/wp\/v2\/users\/1"}],"replies":[{"embeddable":true,"href":"https:\/\/armstrongyregion.com.ar\/diario\/wp-json\/wp\/v2\/comments?post=39479"}],"version-history":[{"count":1,"href":"https:\/\/armstrongyregion.com.ar\/diario\/wp-json\/wp\/v2\/posts\/39479\/revisions"}],"predecessor-version":[{"id":39481,"href":"https:\/\/armstrongyregion.com.ar\/diario\/wp-json\/wp\/v2\/posts\/39479\/revisions\/39481"}],"wp:featuredmedia":[{"embeddable":true,"href":"https:\/\/armstrongyregion.com.ar\/diario\/wp-json\/wp\/v2\/media\/39480"}],"wp:attachment":[{"href":"https:\/\/armstrongyregion.com.ar\/diario\/wp-json\/wp\/v2\/media?parent=39479"}],"wp:term":[{"taxonomy":"category","embeddable":true,"href":"https:\/\/armstrongyregion.com.ar\/diario\/wp-json\/wp\/v2\/categories?post=39479"},{"taxonomy":"post_tag","embeddable":true,"href":"https:\/\/armstrongyregion.com.ar\/diario\/wp-json\/wp\/v2\/tags?post=39479"}],"curies":[{"name":"wp","href":"https:\/\/api.w.org\/{rel}","templated":true}]}}