{"id":39452,"date":"2023-07-17T01:19:52","date_gmt":"2023-07-17T01:19:52","guid":{"rendered":"https:\/\/armstrongyregion.com.ar\/diario\/?p=39452"},"modified":"2023-07-17T01:20:45","modified_gmt":"2023-07-17T01:20:45","slug":"las-rosas-con-la-obtencion-del-55-de-los-votos-se-ratifico-el-apoyo-ciudadano-al-intendente-meyer","status":"publish","type":"post","link":"https:\/\/armstrongyregion.com.ar\/diario\/las-rosas-con-la-obtencion-del-55-de-los-votos-se-ratifico-el-apoyo-ciudadano-al-intendente-meyer\/","title":{"rendered":"Las Rosas: con la obtenci\u00f3n del 55% de los votos se ratific\u00f3 el apoyo ciudadano al intendente Meyer."},"content":{"rendered":"\n<figure class=\"wp-block-image size-full\"><a href=\"http:\/\/armstrongyregion.com.ar\/diario\/wp-content\/uploads\/2023\/07\/meyer-las-rosas.jpg\"><img loading=\"lazy\" decoding=\"async\" width=\"503\" height=\"335\" src=\"http:\/\/armstrongyregion.com.ar\/diario\/wp-content\/uploads\/2023\/07\/meyer-las-rosas.jpg\" alt=\"\" class=\"wp-image-39453\" srcset=\"https:\/\/armstrongyregion.com.ar\/diario\/wp-content\/uploads\/2023\/07\/meyer-las-rosas.jpg 503w, https:\/\/armstrongyregion.com.ar\/diario\/wp-content\/uploads\/2023\/07\/meyer-las-rosas-300x200.jpg 300w\" sizes=\"auto, (max-width: 503px) 100vw, 503px\" \/><\/a><\/figure>\n\n\n\n<h2 class=\"wp-block-heading\">Si bien las elecciones PASO solo ten\u00edan interna en Juntos Avancemos, para todas las fuerzas pol\u00edticas significan un \u00abencuesta\u00bb important\u00edsima que les permite un an\u00e1lisis de como es su posici\u00f3n en el acompa\u00f1amiento popular.<\/h2>\n\n\n\n<p><strong>RESULTADOS EXTRAOFICIALES INTENDENTE Y CONCEJAL<\/strong><\/p>\n\n\n\n<p><strong>Intendente<br><br><\/strong>Unidad Rosense&nbsp; &nbsp; &nbsp; &nbsp; &nbsp; &nbsp; &nbsp; &nbsp; &nbsp; &nbsp; &nbsp; &nbsp; &nbsp; &nbsp; &nbsp;Javier Meyer&nbsp; &nbsp; &nbsp; &nbsp; &nbsp; &nbsp; &nbsp; &nbsp; &nbsp; &nbsp; 4421 Votos (55%)<\/p>\n\n\n\n<p>Unidos para Cambiar Santa Fe&nbsp; &nbsp; Juan Franco Pietracupa&nbsp; &nbsp;699 votos (9%)<\/p>\n\n\n\n<p>Juntos Avancemos&nbsp; &nbsp; &nbsp; &nbsp; &nbsp; &nbsp; &nbsp; &nbsp; &nbsp; &nbsp; &nbsp; &nbsp; &nbsp;Mart\u00edn Blanco&nbsp; &nbsp; &nbsp; &nbsp; &nbsp; &nbsp; &nbsp; &nbsp; &nbsp; 1475 votos (19%)<br>Juntos Avancemos&nbsp; &nbsp; &nbsp; &nbsp; &nbsp; &nbsp; &nbsp; &nbsp; &nbsp; &nbsp; &nbsp; &nbsp; &nbsp;Ra\u00fal Ponzio&nbsp; &nbsp; &nbsp; &nbsp; &nbsp; &nbsp; &nbsp; &nbsp; &nbsp; &nbsp; &nbsp; &nbsp; &nbsp;939 votos (12%)<\/p>\n\n\n\n<p><strong>Concejales<\/strong><\/p>\n\n\n\n<p>Unidad Rosense &nbsp; &nbsp; &nbsp; &nbsp; &nbsp; &nbsp; &nbsp; &nbsp; &nbsp; &nbsp; &nbsp; &nbsp; &nbsp; &nbsp; Gustavo Invernizzi&nbsp; &nbsp; &nbsp; &nbsp; &nbsp; &nbsp; 3473 Votos (46%)<\/p>\n\n\n\n<p>Unidos para Cambiar Santa Fe &nbsp; &nbsp;Luc\u00eda Gonz\u00e1lez&nbsp; &nbsp; &nbsp; &nbsp; &nbsp; &nbsp; &nbsp; &nbsp; &nbsp; 1148 votos (15%)<\/p>\n\n\n\n<p>Juntos Avancemos \u00a0 \u00a0 \u00a0 \u00a0 \u00a0 \u00a0 \u00a0 \u00a0 \u00a0 \u00a0 \u00a0 \u00a0 Marcos Di Santo\u00a0 \u00a0 \u00a0 \u00a0 \u00a0 \u00a0 \u00a0 \u00a0 1679 votos (22%)<br>Juntos Avancemos \u00a0 \u00a0 \u00a0 \u00a0 \u00a0 \u00a0 \u00a0 \u00a0 \u00a0 \u00a0 \u00a0 \u00a0 Hern\u00e1n Scalarandi\u00a0 \u00a0 \u00a0 \u00a0 \u00a0 \u00a0 \u00a0 746 votos ( 9%)<\/p>\n\n\n\n<p>Las Rosas Digital.<\/p>\n","protected":false},"excerpt":{"rendered":"<p>Si bien las elecciones PASO solo ten\u00edan interna en Juntos Avancemos, para todas las fuerzas pol\u00edticas significan un \u00abencuesta\u00bb important\u00edsima que les permite un an\u00e1lisis de como es su posici\u00f3n en el acompa\u00f1amiento popular. RESULTADOS EXTRAOFICIALES INTENDENTE Y CONCEJAL Intendente Unidad Rosense&nbsp; &nbsp; &nbsp; &nbsp; &nbsp; &nbsp; &nbsp; &nbsp; &nbsp; &nbsp; &nbsp; &nbsp; &nbsp; &nbsp; <a href=\"https:\/\/armstrongyregion.com.ar\/diario\/las-rosas-con-la-obtencion-del-55-de-los-votos-se-ratifico-el-apoyo-ciudadano-al-intendente-meyer\/\" title=\"Read more\" >&#8230;<\/a><\/p>\n","protected":false},"author":1,"featured_media":39453,"comment_status":"open","ping_status":"open","sticky":false,"template":"","format":"image","meta":{"_jetpack_memberships_contains_paid_content":false,"footnotes":"","jetpack_publicize_message":"","jetpack_publicize_feature_enabled":true,"jetpack_social_post_already_shared":true,"jetpack_social_options":{"image_generator_settings":{"template":"highway","default_image_id":0,"enabled":false},"version":2}},"categories":[8,1,2,7],"tags":[9614,1422,9348,16,8883,1542,86],"class_list":["post-39452","post","type-post","status-publish","format-image","has-post-thumbnail","hentry","category-deliberando","category-diario-armstrong","category-locales","category-politica","tag-55-de-los","tag-apoyo","tag-ciudadano-2","tag-el","tag-las-rosas-2","tag-ratifico","tag-se","post_format-post-format-image"],"jetpack_publicize_connections":[],"jetpack_featured_media_url":"https:\/\/armstrongyregion.com.ar\/diario\/wp-content\/uploads\/2023\/07\/meyer-las-rosas.jpg","jetpack_shortlink":"https:\/\/wp.me\/p62QDO-agk","jetpack_sharing_enabled":true,"amp_enabled":true,"_links":{"self":[{"href":"https:\/\/armstrongyregion.com.ar\/diario\/wp-json\/wp\/v2\/posts\/39452","targetHints":{"allow":["GET"]}}],"collection":[{"href":"https:\/\/armstrongyregion.com.ar\/diario\/wp-json\/wp\/v2\/posts"}],"about":[{"href":"https:\/\/armstrongyregion.com.ar\/diario\/wp-json\/wp\/v2\/types\/post"}],"author":[{"embeddable":true,"href":"https:\/\/armstrongyregion.com.ar\/diario\/wp-json\/wp\/v2\/users\/1"}],"replies":[{"embeddable":true,"href":"https:\/\/armstrongyregion.com.ar\/diario\/wp-json\/wp\/v2\/comments?post=39452"}],"version-history":[{"count":2,"href":"https:\/\/armstrongyregion.com.ar\/diario\/wp-json\/wp\/v2\/posts\/39452\/revisions"}],"predecessor-version":[{"id":39456,"href":"https:\/\/armstrongyregion.com.ar\/diario\/wp-json\/wp\/v2\/posts\/39452\/revisions\/39456"}],"wp:featuredmedia":[{"embeddable":true,"href":"https:\/\/armstrongyregion.com.ar\/diario\/wp-json\/wp\/v2\/media\/39453"}],"wp:attachment":[{"href":"https:\/\/armstrongyregion.com.ar\/diario\/wp-json\/wp\/v2\/media?parent=39452"}],"wp:term":[{"taxonomy":"category","embeddable":true,"href":"https:\/\/armstrongyregion.com.ar\/diario\/wp-json\/wp\/v2\/categories?post=39452"},{"taxonomy":"post_tag","embeddable":true,"href":"https:\/\/armstrongyregion.com.ar\/diario\/wp-json\/wp\/v2\/tags?post=39452"}],"curies":[{"name":"wp","href":"https:\/\/api.w.org\/{rel}","templated":true}]}}