{"id":39443,"date":"2023-07-16T18:41:52","date_gmt":"2023-07-16T18:41:52","guid":{"rendered":"https:\/\/armstrongyregion.com.ar\/diario\/?p=39443"},"modified":"2023-07-16T18:41:54","modified_gmt":"2023-07-16T18:41:54","slug":"maximiliano-pullaro-voto-y-aseguro-que-el-narcotrafico-sabe-que-el-10-de-diciembre-se-les-termina","status":"publish","type":"post","link":"https:\/\/armstrongyregion.com.ar\/diario\/maximiliano-pullaro-voto-y-aseguro-que-el-narcotrafico-sabe-que-el-10-de-diciembre-se-les-termina\/","title":{"rendered":"Maximiliano Pullaro vot\u00f3 y asegur\u00f3 que \u00abel narcotr\u00e1fico sabe que el 10 de diciembre se les termina\u00bb"},"content":{"rendered":"\n<figure class=\"wp-block-image size-full\"><a href=\"http:\/\/armstrongyregion.com.ar\/diario\/wp-content\/uploads\/2023\/07\/maximiliano_pullaro_voto_crop1689516125256.jpeg_1756841869.jpeg\"><img loading=\"lazy\" decoding=\"async\" width=\"800\" height=\"450\" src=\"http:\/\/armstrongyregion.com.ar\/diario\/wp-content\/uploads\/2023\/07\/maximiliano_pullaro_voto_crop1689516125256.jpeg_1756841869.jpeg\" alt=\"\" class=\"wp-image-39444\" srcset=\"https:\/\/armstrongyregion.com.ar\/diario\/wp-content\/uploads\/2023\/07\/maximiliano_pullaro_voto_crop1689516125256.jpeg_1756841869.jpeg 800w, https:\/\/armstrongyregion.com.ar\/diario\/wp-content\/uploads\/2023\/07\/maximiliano_pullaro_voto_crop1689516125256.jpeg_1756841869-300x169.jpeg 300w, https:\/\/armstrongyregion.com.ar\/diario\/wp-content\/uploads\/2023\/07\/maximiliano_pullaro_voto_crop1689516125256.jpeg_1756841869-768x432.jpeg 768w\" sizes=\"auto, (max-width: 800px) 100vw, 800px\" \/><\/a><\/figure>\n\n\n\n<h2 class=\"wp-block-heading\">El precandidato a gobernador vot\u00f3 en la localidad de Hughes. Al ser consultado por los dichos de Losada sostuvo que \u00aben&nbsp;ning\u00fan momento entramos en la agresi\u00f3n con otro candidato\u00bb pero se\u00f1al\u00f3 que \u00abhay que dejar atr\u00e1s al modelo populista y estar todos juntos\u00bb<\/h2>\n\n\n\n<p>Casi al mismo tiempo que&nbsp;<a rel=\"noreferrer noopener\" href=\"https:\/\/www.rosario3.com\/informaciongeneral\/Carolina-Losada-Hay-gente-enojada-pero-el-mayor-acto-de-rebeldia-es-ir-a-votar-por-los-buenos-20230716-0010.html\" target=\"_blank\">Carolina Losada<\/a>&nbsp;y apenas una hora despu\u00e9s del voto de&nbsp;<a rel=\"noreferrer noopener\" href=\"https:\/\/www.rosario3.com\/politica\/Monica-Fein-recomendo-que-se-vote-con-el-corazon-en-Santa-Fe-a-pesar-de-los-intentos-nacionales-20230716-0008.html\" target=\"_blank\">M\u00f3nica Fein<\/a>,&nbsp;<strong>Maximiliano Pullaro vot\u00f3 en la localidad Hughes<\/strong>. Acompa\u00f1ado por Federico Lifschitz, a qui\u00e9n calific\u00f3 como \u201cel hijo del mejor gobernador que tuvo la provincia de Santa Fe\u201d, asegur\u00f3 que \u201cest\u00e1 convencido que el pr\u00f3ximo presidente va a salir de Juntos por el Cambio\u201d pero que ellos \u201cse quedar\u00e1n en Buenos Aires\u201d. \u201c<strong>El narcotr\u00e1fico sabe que el 10 de diciembre se les termina cuando nosotros lleguemos<\/strong>\u201d, sentenci\u00f3.<\/p>\n\n\n\n<p>En ese mismo sentido, destac\u00f3 la \u201cpotencia de producci\u00f3n\u201d que tiene la provincia de Santa Fe: \u201c<strong>Somos el campo, somos la industria, somos el comercio. Podemos liderar la Argentina que viene<\/strong>\u201d.<\/p>\n\n\n\n<p>\u201c<strong>El narcotr\u00e1fico sabe que el 10 de diciembre se les termina cuando nosotros lleguemos<\/strong>. Pero por m\u00e1s respaldo del gobierno nacional que tengamos, los problemas se resuelven ac\u00e1. Me prepar\u00e9 para ser gobernador,&nbsp;recorr\u00ed la provincia, conozco cada punto y cada barrio, tenemos claro los problemas\u201d, lanz\u00f3.<\/p>\n\n\n\n<p><strong>Sobre la candidatura presidencial de Sergio Massa<\/strong>. \u201cSinceramente sentimos que<strong>&nbsp;el kirchnerismo es un modelo agotado en el pa\u00eds y en la provincia<\/strong>. Hoy se va a notar el cambio que resuena en el pa\u00eds pero la pol\u00edtica es di\u00e1logo y consenso. Estoy convencido que el pr\u00f3ximo presidente va a salir de Juntos por el Cambio\u201d, concluy\u00f3.<\/p>\n\n\n\n<p>En ese mismo sentido, asegur\u00f3 que se conformaron \u201c<strong>equipos para tomar las decisiones desde el primer d\u00eda en la casa gris<\/strong>\u201d con el objetivo de que la provincia empiece a cambiar. \u201cNosotros estamos convencidos que tenemos que trabajar para cambiar el modelo a nivel nacional. Hay que dejar atr\u00e1s un modelo populista. Tenemos que estar todos juntos\u201d, agreg\u00f3.<\/p>\n\n\n\n<p>Al ser consultado&nbsp;<strong>sobre los dichos de Losada<\/strong>, Pullaro destac\u00f3 los \u201cvalores y los principios de un espacio pol\u00edtico, las propuestas e ideas\u201d y se\u00f1al\u00f3: \u201c<strong>En ning\u00fan momento entramos en la agresi\u00f3n con otro candidato<\/strong>\u201d.<\/p>\n","protected":false},"excerpt":{"rendered":"<p>El precandidato a gobernador vot\u00f3 en la localidad de Hughes. Al ser consultado por los dichos de Losada sostuvo que \u00aben&nbsp;ning\u00fan momento entramos en la agresi\u00f3n con otro candidato\u00bb pero se\u00f1al\u00f3 que \u00abhay que dejar atr\u00e1s al modelo populista y estar todos juntos\u00bb Casi al mismo tiempo que&nbsp;Carolina Losada&nbsp;y apenas una hora despu\u00e9s del voto <a href=\"https:\/\/armstrongyregion.com.ar\/diario\/maximiliano-pullaro-voto-y-aseguro-que-el-narcotrafico-sabe-que-el-10-de-diciembre-se-les-termina\/\" title=\"Read more\" >&#8230;<\/a><\/p>\n","protected":false},"author":1,"featured_media":39444,"comment_status":"open","ping_status":"open","sticky":false,"template":"","format":"image","meta":{"_jetpack_memberships_contains_paid_content":false,"footnotes":"","jetpack_publicize_message":"","jetpack_publicize_feature_enabled":true,"jetpack_social_post_already_shared":true,"jetpack_social_options":{"image_generator_settings":{"template":"highway","default_image_id":0,"enabled":false},"version":2}},"categories":[8,1,2,7],"tags":[],"class_list":["post-39443","post","type-post","status-publish","format-image","has-post-thumbnail","hentry","category-deliberando","category-diario-armstrong","category-locales","category-politica","post_format-post-format-image"],"jetpack_publicize_connections":[],"jetpack_featured_media_url":"https:\/\/armstrongyregion.com.ar\/diario\/wp-content\/uploads\/2023\/07\/maximiliano_pullaro_voto_crop1689516125256.jpeg_1756841869.jpeg","jetpack_shortlink":"https:\/\/wp.me\/p62QDO-agb","jetpack_sharing_enabled":true,"amp_enabled":true,"_links":{"self":[{"href":"https:\/\/armstrongyregion.com.ar\/diario\/wp-json\/wp\/v2\/posts\/39443","targetHints":{"allow":["GET"]}}],"collection":[{"href":"https:\/\/armstrongyregion.com.ar\/diario\/wp-json\/wp\/v2\/posts"}],"about":[{"href":"https:\/\/armstrongyregion.com.ar\/diario\/wp-json\/wp\/v2\/types\/post"}],"author":[{"embeddable":true,"href":"https:\/\/armstrongyregion.com.ar\/diario\/wp-json\/wp\/v2\/users\/1"}],"replies":[{"embeddable":true,"href":"https:\/\/armstrongyregion.com.ar\/diario\/wp-json\/wp\/v2\/comments?post=39443"}],"version-history":[{"count":1,"href":"https:\/\/armstrongyregion.com.ar\/diario\/wp-json\/wp\/v2\/posts\/39443\/revisions"}],"predecessor-version":[{"id":39445,"href":"https:\/\/armstrongyregion.com.ar\/diario\/wp-json\/wp\/v2\/posts\/39443\/revisions\/39445"}],"wp:featuredmedia":[{"embeddable":true,"href":"https:\/\/armstrongyregion.com.ar\/diario\/wp-json\/wp\/v2\/media\/39444"}],"wp:attachment":[{"href":"https:\/\/armstrongyregion.com.ar\/diario\/wp-json\/wp\/v2\/media?parent=39443"}],"wp:term":[{"taxonomy":"category","embeddable":true,"href":"https:\/\/armstrongyregion.com.ar\/diario\/wp-json\/wp\/v2\/categories?post=39443"},{"taxonomy":"post_tag","embeddable":true,"href":"https:\/\/armstrongyregion.com.ar\/diario\/wp-json\/wp\/v2\/tags?post=39443"}],"curies":[{"name":"wp","href":"https:\/\/api.w.org\/{rel}","templated":true}]}}