{"id":39437,"date":"2023-07-16T18:31:23","date_gmt":"2023-07-16T18:31:23","guid":{"rendered":"https:\/\/armstrongyregion.com.ar\/diario\/?p=39437"},"modified":"2023-07-16T18:33:55","modified_gmt":"2023-07-16T18:33:55","slug":"carolina-losada-hay-gente-enojada-pero-el-mayor-acto-de-rebeldia-es-ir-a-votar-por-los-buenos","status":"publish","type":"post","link":"https:\/\/armstrongyregion.com.ar\/diario\/carolina-losada-hay-gente-enojada-pero-el-mayor-acto-de-rebeldia-es-ir-a-votar-por-los-buenos\/","title":{"rendered":"Carolina Losada: \u00abHay gente enojada pero el mayor acto de rebeld\u00eda es ir a votar por los buenos\u201d"},"content":{"rendered":"\n<figure class=\"wp-block-image size-full\"><a href=\"http:\/\/armstrongyregion.com.ar\/diario\/wp-content\/uploads\/2023\/07\/losada.jpeg_1756841869.jpeg\"><img loading=\"lazy\" decoding=\"async\" width=\"800\" height=\"450\" src=\"http:\/\/armstrongyregion.com.ar\/diario\/wp-content\/uploads\/2023\/07\/losada.jpeg_1756841869.jpeg\" alt=\"\" class=\"wp-image-39438\" srcset=\"https:\/\/armstrongyregion.com.ar\/diario\/wp-content\/uploads\/2023\/07\/losada.jpeg_1756841869.jpeg 800w, https:\/\/armstrongyregion.com.ar\/diario\/wp-content\/uploads\/2023\/07\/losada.jpeg_1756841869-300x169.jpeg 300w, https:\/\/armstrongyregion.com.ar\/diario\/wp-content\/uploads\/2023\/07\/losada.jpeg_1756841869-768x432.jpeg 768w\" sizes=\"auto, (max-width: 800px) 100vw, 800px\" \/><\/a><\/figure>\n\n\n\n<h2 class=\"wp-block-heading\">La precandidata a gobernadora de Unidos para Cambiar Santa Fe\u00a0vot\u00f3 este domingo en la escuela Provincia de Entre R\u00edos de Colombres 372. Confirm\u00f3 que Patricia Bullrich estar\u00e1 en Rosario este domingo a la noche para seguir los resultados.<\/h2>\n\n\n\n<p>La precandidata a gobernadora de la lista Es con vos dentro del frente&nbsp;<strong>Unidos para Cambiar Santa Fe, Carolina Losada<\/strong>, vot\u00f3 este domingo en la escuela Provincia de Entre R\u00edos de Colombres 372.<\/p>\n\n\n\n<figure class=\"wp-block-embed\"><div class=\"wp-block-embed__wrapper\">\nhttps:\/\/e3d2744e874396a294d568f1a853847b.safeframe.googlesyndication.com\/safeframe\/1-0-40\/html\/container.html\n<\/div><\/figure>\n\n\n\n<p>\u201c<strong>Vayan a votar, hay gente enojada y se entiende pero el mayor acto de rebeld\u00eda es ir a votar a los buenos<\/strong>\u201d, recomend\u00f3 Losada en la escuela rosarina.<\/p>\n\n\n\n<p>La senadora nacional lleg\u00f3 con&nbsp;<strong>facturas para fiscales y autoridades de mesa<\/strong>, acompa\u00f1ada de su pareja, el legislador Luis Naidenoff. Dijo que votar\u00eda \u201ccon mucha felicidad\u201d y asever\u00f3 que su espacio&nbsp;<strong>\u201cva a seguir unido\u201d<\/strong>&nbsp;despu\u00e9s de las primarias tras los fuertes cruces de campa\u00f1a.<\/p>\n\n\n\n<p>\u201cEs un d\u00eda feliz para todos\u201d, dijo Losada y pidi\u00f3 al gobierno santafesino que espera \u201c<strong>que est\u00e9 garantizada la seguridad\u201d<\/strong>.<\/p>\n\n\n\n<p>Finalmente, en di\u00e1logo con la prensa Losada confirm\u00f3 que Patricia Bullrich viajar\u00e1 a la ciudad para seguir los resultados de las Paso durante la noche de este domingo. \u201cLas expectativas son las mejores.&nbsp;<strong>Estoy agradecida por la gente que conf\u00eda en m\u00ed\u201d<\/strong>, concluy\u00f3 Losada.<\/p>\n\n\n\n<p>La precandidata a gobernadora de la lista Es con vos dentro del frente&nbsp;<strong>Unidos para Cambiar Santa Fe, Carolina Losada<\/strong>, vot\u00f3 este domingo en la escuela Provincia de Entre R\u00edos de Colombres 372.<\/p>\n\n\n\n<p>La senadora nacional lleg\u00f3 con&nbsp;<strong>facturas para fiscales y autoridades de mesa<\/strong>, acompa\u00f1ada de su pareja, el legislador Luis Naidenoff. Dijo que votar\u00eda \u201ccon mucha felicidad\u201d y asever\u00f3 que su espacio&nbsp;<strong>\u201cva a seguir unido\u201d<\/strong>&nbsp;despu\u00e9s de las primarias tras los fuertes cruces de campa\u00f1a.<\/p>\n\n\n\n<p>\u201cEs un d\u00eda feliz para todos\u201d, dijo Losada y pidi\u00f3 al gobierno santafesino que espera \u201c<strong>que est\u00e9 garantizada la seguridad\u201d<\/strong>.<\/p>\n\n\n\n<p>Finalmente, en di\u00e1logo con la prensa Losada confirm\u00f3 que Patricia Bullrich viajar\u00e1 a la ciudad para seguir los resultados de las Paso durante la noche de este domingo. \u201cLas expectativas son las mejores.&nbsp;<strong>Estoy agradecida por la gente que conf\u00eda en m\u00ed\u201d<\/strong>, concluy\u00f3 Losada.<\/p>\n","protected":false},"excerpt":{"rendered":"<p>La precandidata a gobernadora de Unidos para Cambiar Santa Fe\u00a0vot\u00f3 este domingo en la escuela Provincia de Entre R\u00edos de Colombres 372. Confirm\u00f3 que Patricia Bullrich estar\u00e1 en Rosario este domingo a la noche para seguir los resultados. La precandidata a gobernadora de la lista Es con vos dentro del frente&nbsp;Unidos para Cambiar Santa Fe, <a href=\"https:\/\/armstrongyregion.com.ar\/diario\/carolina-losada-hay-gente-enojada-pero-el-mayor-acto-de-rebeldia-es-ir-a-votar-por-los-buenos\/\" title=\"Read more\" >&#8230;<\/a><\/p>\n","protected":false},"author":1,"featured_media":39438,"comment_status":"open","ping_status":"open","sticky":false,"template":"","format":"image","meta":{"_jetpack_memberships_contains_paid_content":false,"footnotes":"","jetpack_publicize_message":"","jetpack_publicize_feature_enabled":true,"jetpack_social_post_already_shared":true,"jetpack_social_options":{"image_generator_settings":{"template":"highway","default_image_id":0,"enabled":false},"version":2}},"categories":[8,1,2,7],"tags":[],"class_list":["post-39437","post","type-post","status-publish","format-image","has-post-thumbnail","hentry","category-deliberando","category-diario-armstrong","category-locales","category-politica","post_format-post-format-image"],"jetpack_publicize_connections":[],"jetpack_featured_media_url":"https:\/\/armstrongyregion.com.ar\/diario\/wp-content\/uploads\/2023\/07\/losada.jpeg_1756841869.jpeg","jetpack_shortlink":"https:\/\/wp.me\/p62QDO-ag5","jetpack_sharing_enabled":true,"amp_enabled":true,"_links":{"self":[{"href":"https:\/\/armstrongyregion.com.ar\/diario\/wp-json\/wp\/v2\/posts\/39437","targetHints":{"allow":["GET"]}}],"collection":[{"href":"https:\/\/armstrongyregion.com.ar\/diario\/wp-json\/wp\/v2\/posts"}],"about":[{"href":"https:\/\/armstrongyregion.com.ar\/diario\/wp-json\/wp\/v2\/types\/post"}],"author":[{"embeddable":true,"href":"https:\/\/armstrongyregion.com.ar\/diario\/wp-json\/wp\/v2\/users\/1"}],"replies":[{"embeddable":true,"href":"https:\/\/armstrongyregion.com.ar\/diario\/wp-json\/wp\/v2\/comments?post=39437"}],"version-history":[{"count":3,"href":"https:\/\/armstrongyregion.com.ar\/diario\/wp-json\/wp\/v2\/posts\/39437\/revisions"}],"predecessor-version":[{"id":39442,"href":"https:\/\/armstrongyregion.com.ar\/diario\/wp-json\/wp\/v2\/posts\/39437\/revisions\/39442"}],"wp:featuredmedia":[{"embeddable":true,"href":"https:\/\/armstrongyregion.com.ar\/diario\/wp-json\/wp\/v2\/media\/39438"}],"wp:attachment":[{"href":"https:\/\/armstrongyregion.com.ar\/diario\/wp-json\/wp\/v2\/media?parent=39437"}],"wp:term":[{"taxonomy":"category","embeddable":true,"href":"https:\/\/armstrongyregion.com.ar\/diario\/wp-json\/wp\/v2\/categories?post=39437"},{"taxonomy":"post_tag","embeddable":true,"href":"https:\/\/armstrongyregion.com.ar\/diario\/wp-json\/wp\/v2\/tags?post=39437"}],"curies":[{"name":"wp","href":"https:\/\/api.w.org\/{rel}","templated":true}]}}