{"id":39434,"date":"2023-07-16T18:25:14","date_gmt":"2023-07-16T18:25:14","guid":{"rendered":"https:\/\/armstrongyregion.com.ar\/diario\/?p=39434"},"modified":"2023-07-16T18:26:47","modified_gmt":"2023-07-16T18:26:47","slug":"lewandowski-este-es-el-primer-paso-en-el-que-se-ordena-el-escenario-para-el-10-de-septiembre","status":"publish","type":"post","link":"https:\/\/armstrongyregion.com.ar\/diario\/lewandowski-este-es-el-primer-paso-en-el-que-se-ordena-el-escenario-para-el-10-de-septiembre\/","title":{"rendered":"<strong>Lewandowski: \u00abEste es el primer paso, en el que se ordena el escenario para el 10 de septiembre\u00bb<\/strong>"},"content":{"rendered":"\n<figure class=\"wp-block-image size-full\"><a href=\"http:\/\/armstrongyregion.com.ar\/diario\/wp-content\/uploads\/2023\/07\/LEWANDOSKY.jpg\"><img loading=\"lazy\" decoding=\"async\" width=\"320\" height=\"204\" src=\"http:\/\/armstrongyregion.com.ar\/diario\/wp-content\/uploads\/2023\/07\/LEWANDOSKY.jpg\" alt=\"\" class=\"wp-image-39435\" srcset=\"https:\/\/armstrongyregion.com.ar\/diario\/wp-content\/uploads\/2023\/07\/LEWANDOSKY.jpg 320w, https:\/\/armstrongyregion.com.ar\/diario\/wp-content\/uploads\/2023\/07\/LEWANDOSKY-300x191.jpg 300w\" sizes=\"auto, (max-width: 320px) 100vw, 320px\" \/><\/a><\/figure>\n\n\n\n<p>Marcelo Lewandowski emiti\u00f3 su voto este domingo por la ma\u00f1ana. Acompa\u00f1ado por sus hijos, el precandidato a gobernador por la f\u00f3rmula \u201cElijo Hacer\u201d cumpli\u00f3 con su deber c\u00edvico en la escuela \u201cJohn F. Kennedy\u201d de Rosario. \u201c<strong>Celebramos la oportunidad de elegir a nuestros candidatos<\/strong>&nbsp;y deseamos una jornada con una buena concurrencia y con tranquilidad. Lo que hoy nos parece una costumbre, muchas generaciones de argentinos no pudieron realizarlo\u00bb.<\/p>\n\n\n\n<p>\u00abTenemos la expectativa de hacer una buena elecci\u00f3n, pero las consideraciones las vamos a hacer esta noche sobre lo que pensamos y cu\u00e1l es nuestro objetivo\u201d, indic\u00f3 y resalt\u00f3:&nbsp;<strong>\u201cEste es el primer paso, en el cual se ordena el escenario para las elecciones generales del 10 de septiembre\u201d<\/strong>.<\/p>\n\n\n\n<p>\u201cPor all\u00ed le\u00ed algunos editoriales en los que nos dec\u00edan que en el Peronismo est\u00e1bamos debilitados por no pelearnos.&nbsp;<strong>La gente no quiere escuchar m\u00e1s odio o disputas personales, sino propuestas<\/strong>\u201d, dijo. \u201cEso nos propusimos: estar todos juntos, dialogando con los espacios pol\u00edticos y los distintos sectores de la sociedad. Nosotros estamos abiertos a todo santafesino de bien que quiera estar comprometido con esta causa, para cambiar esta situaci\u00f3n injusta en la que vivimos y no nos merecemos\u201d, remarc\u00f3.<\/p>\n\n\n\n<p>En ese sentido, Lewandowski se\u00f1al\u00f3 que el principal planteo de los santafesinos es el de la inseguridad. \u201cQuienes vivimos y tenemos aqu\u00ed nuestra vivienda sabemos de qu\u00e9 se trata, pero es un problema que viene desde hace 15 a\u00f1os y presenta responsabilidades y compromiso de todos. No es cuesti\u00f3n de qui\u00e9n hizo m\u00e1s o menos\u201d, dijo y subray\u00f3: \u201c<strong>Es una tarea en la cual toda la clase pol\u00edtica se tiene que poner de acuerdo<\/strong>. No alcanza solo con un gobernador o un ministro de Seguridad, sino con una pol\u00edtica de Estado\u201d.<\/p>\n\n\n\n<p>\u201cNosotros estamos proponiendo no para el 10 de diciembre sino para ahora&nbsp;<strong>acordar puntos de di\u00e1logo en muchas de las cosas que hay que hacer y que requieren un compromiso de toda la clase pol\u00edtica, de la Justicia y toda la sociedad<\/strong>. No queremos que nuestros hijos se vayan del lugar en que nacieron, que etiqueten a Rosario como una ciudad narco o j\u00f3venes de otros puntos de la provincia o bien de otras provincias elijan otro destino para estudiar\u201d, indic\u00f3.<\/p>\n\n\n\n<p>En esa l\u00ednea destac\u00f3 tambi\u00e9n el rol fundamental de las entidades intermedias, como los clubes y las escuelas, en la inclusi\u00f3n de los chicos y chicas.&nbsp;<strong>\u201cNo tengo ninguna duda de que con una mayor calidad educativa en la escuela p\u00fablica vamos a salir adelante, con mayor contenci\u00f3n\u201d<\/strong>, asegur\u00f3.<\/p>\n\n\n\n<p>Por \u00faltimo, ante la consulta por la presencia de funcionarios nacionales, sostuvo: \u201cLos santafesinos tenemos la suficiente autonom\u00eda y capacidad de decisi\u00f3n m\u00e1s all\u00e1 de las llegadas de dirigentes o candidatos nacionales. No pasa por lo que diga Naci\u00f3n, por qu\u00e9 o c\u00f3mo tenemos que hacer las cosas\u201d.<\/p>\n","protected":false},"excerpt":{"rendered":"<p>Marcelo Lewandowski emiti\u00f3 su voto este domingo por la ma\u00f1ana. Acompa\u00f1ado por sus hijos, el precandidato a gobernador por la f\u00f3rmula \u201cElijo Hacer\u201d cumpli\u00f3 con su deber c\u00edvico en la escuela \u201cJohn F. Kennedy\u201d de Rosario. \u201cCelebramos la oportunidad de elegir a nuestros candidatos&nbsp;y deseamos una jornada con una buena concurrencia y con tranquilidad. Lo <a href=\"https:\/\/armstrongyregion.com.ar\/diario\/lewandowski-este-es-el-primer-paso-en-el-que-se-ordena-el-escenario-para-el-10-de-septiembre\/\" title=\"Read more\" >&#8230;<\/a><\/p>\n","protected":false},"author":1,"featured_media":39435,"comment_status":"open","ping_status":"open","sticky":false,"template":"","format":"image","meta":{"_jetpack_memberships_contains_paid_content":false,"footnotes":"","jetpack_publicize_message":"","jetpack_publicize_feature_enabled":true,"jetpack_social_post_already_shared":true,"jetpack_social_options":{"image_generator_settings":{"template":"highway","default_image_id":0,"enabled":false},"version":2}},"categories":[8,1,2,7],"tags":[9608],"class_list":["post-39434","post","type-post","status-publish","format-image","has-post-thumbnail","hentry","category-deliberando","category-diario-armstrong","category-locales","category-politica","tag-lewandoswsky","post_format-post-format-image"],"jetpack_publicize_connections":[],"jetpack_featured_media_url":"https:\/\/armstrongyregion.com.ar\/diario\/wp-content\/uploads\/2023\/07\/LEWANDOSKY.jpg","jetpack_shortlink":"https:\/\/wp.me\/p62QDO-ag2","jetpack_sharing_enabled":true,"amp_enabled":true,"_links":{"self":[{"href":"https:\/\/armstrongyregion.com.ar\/diario\/wp-json\/wp\/v2\/posts\/39434","targetHints":{"allow":["GET"]}}],"collection":[{"href":"https:\/\/armstrongyregion.com.ar\/diario\/wp-json\/wp\/v2\/posts"}],"about":[{"href":"https:\/\/armstrongyregion.com.ar\/diario\/wp-json\/wp\/v2\/types\/post"}],"author":[{"embeddable":true,"href":"https:\/\/armstrongyregion.com.ar\/diario\/wp-json\/wp\/v2\/users\/1"}],"replies":[{"embeddable":true,"href":"https:\/\/armstrongyregion.com.ar\/diario\/wp-json\/wp\/v2\/comments?post=39434"}],"version-history":[{"count":1,"href":"https:\/\/armstrongyregion.com.ar\/diario\/wp-json\/wp\/v2\/posts\/39434\/revisions"}],"predecessor-version":[{"id":39436,"href":"https:\/\/armstrongyregion.com.ar\/diario\/wp-json\/wp\/v2\/posts\/39434\/revisions\/39436"}],"wp:featuredmedia":[{"embeddable":true,"href":"https:\/\/armstrongyregion.com.ar\/diario\/wp-json\/wp\/v2\/media\/39435"}],"wp:attachment":[{"href":"https:\/\/armstrongyregion.com.ar\/diario\/wp-json\/wp\/v2\/media?parent=39434"}],"wp:term":[{"taxonomy":"category","embeddable":true,"href":"https:\/\/armstrongyregion.com.ar\/diario\/wp-json\/wp\/v2\/categories?post=39434"},{"taxonomy":"post_tag","embeddable":true,"href":"https:\/\/armstrongyregion.com.ar\/diario\/wp-json\/wp\/v2\/tags?post=39434"}],"curies":[{"name":"wp","href":"https:\/\/api.w.org\/{rel}","templated":true}]}}