{"id":39424,"date":"2023-07-16T15:45:19","date_gmt":"2023-07-16T15:45:19","guid":{"rendered":"https:\/\/armstrongyregion.com.ar\/diario\/?p=39424"},"modified":"2023-07-16T18:42:34","modified_gmt":"2023-07-16T18:42:34","slug":"sin-cabalas-ya-votaron-el-intendente-de-armstrong-dr-pablo-verdecchia-y-el-senador-guillermo-cornaglia","status":"publish","type":"post","link":"https:\/\/armstrongyregion.com.ar\/diario\/sin-cabalas-ya-votaron-el-intendente-de-armstrong-dr-pablo-verdecchia-y-el-senador-guillermo-cornaglia\/","title":{"rendered":"Sin c\u00e1balas ya votaron el intendente de Armstrong Dr. Pablo Verdecchia y el senador Guillermo Cornaglia."},"content":{"rendered":"\n<figure class=\"wp-block-image size-full\"><a href=\"http:\/\/armstrongyregion.com.ar\/diario\/wp-content\/uploads\/2023\/07\/PABLO-CORNAGLIA.jpg\"><img loading=\"lazy\" decoding=\"async\" width=\"360\" height=\"321\" src=\"http:\/\/armstrongyregion.com.ar\/diario\/wp-content\/uploads\/2023\/07\/PABLO-CORNAGLIA.jpg\" alt=\"\" class=\"wp-image-39425\" srcset=\"https:\/\/armstrongyregion.com.ar\/diario\/wp-content\/uploads\/2023\/07\/PABLO-CORNAGLIA.jpg 360w, https:\/\/armstrongyregion.com.ar\/diario\/wp-content\/uploads\/2023\/07\/PABLO-CORNAGLIA-300x268.jpg 300w\" sizes=\"auto, (max-width: 360px) 100vw, 360px\" \/><\/a><\/figure>\n\n\n\n<p>El Dr. Pablo Verdecchia, intendente de Armstrong y el senador Guillermo Cornaglia (Bouquet), votaron sin c\u00e1balas antes del mediod\u00eda.<\/p>\n\n\n\n<p>Los precandidatos a senador por el Dto. Belgrano, fueron a votar con mucha alegr\u00eda en el marco de los 40 a\u00f1os de democracia. En el caso del Dr. Pablo Verdecchia fue acompa\u00f1ado por sus colaboradores y a Guillermo Cornaglia lo respald\u00f3 su hija en esta ocasi\u00f3n. <\/p>\n\n\n\n<p> <\/p>\n","protected":false},"excerpt":{"rendered":"<p>El Dr. Pablo Verdecchia, intendente de Armstrong y el senador Guillermo Cornaglia (Bouquet), votaron sin c\u00e1balas antes del mediod\u00eda. Los precandidatos a senador por el Dto. Belgrano, fueron a votar con mucha alegr\u00eda en el marco de los 40 a\u00f1os de democracia. En el caso del Dr. Pablo Verdecchia fue acompa\u00f1ado por sus colaboradores y <a href=\"https:\/\/armstrongyregion.com.ar\/diario\/sin-cabalas-ya-votaron-el-intendente-de-armstrong-dr-pablo-verdecchia-y-el-senador-guillermo-cornaglia\/\" title=\"Read more\" >&#8230;<\/a><\/p>\n","protected":false},"author":1,"featured_media":39425,"comment_status":"open","ping_status":"open","sticky":false,"template":"","format":"image","meta":{"_jetpack_memberships_contains_paid_content":false,"footnotes":"","jetpack_publicize_message":"","jetpack_publicize_feature_enabled":true,"jetpack_social_post_already_shared":true,"jetpack_social_options":{"image_generator_settings":{"template":"highway","default_image_id":0,"enabled":false},"version":2}},"categories":[8,1,2,7,3],"tags":[1324,205,9607,13,173],"class_list":["post-39424","post","type-post","status-publish","format-image","has-post-thumbnail","hentry","category-deliberando","category-diario-armstrong","category-locales","category-politica","category-region","tag-cornaglia","tag-verdecchia","tag-votaron","tag-y","tag-ya","post_format-post-format-image"],"jetpack_publicize_connections":[],"jetpack_featured_media_url":"https:\/\/armstrongyregion.com.ar\/diario\/wp-content\/uploads\/2023\/07\/PABLO-CORNAGLIA.jpg","jetpack_shortlink":"https:\/\/wp.me\/p62QDO-afS","jetpack_sharing_enabled":true,"amp_enabled":true,"_links":{"self":[{"href":"https:\/\/armstrongyregion.com.ar\/diario\/wp-json\/wp\/v2\/posts\/39424","targetHints":{"allow":["GET"]}}],"collection":[{"href":"https:\/\/armstrongyregion.com.ar\/diario\/wp-json\/wp\/v2\/posts"}],"about":[{"href":"https:\/\/armstrongyregion.com.ar\/diario\/wp-json\/wp\/v2\/types\/post"}],"author":[{"embeddable":true,"href":"https:\/\/armstrongyregion.com.ar\/diario\/wp-json\/wp\/v2\/users\/1"}],"replies":[{"embeddable":true,"href":"https:\/\/armstrongyregion.com.ar\/diario\/wp-json\/wp\/v2\/comments?post=39424"}],"version-history":[{"count":1,"href":"https:\/\/armstrongyregion.com.ar\/diario\/wp-json\/wp\/v2\/posts\/39424\/revisions"}],"predecessor-version":[{"id":39426,"href":"https:\/\/armstrongyregion.com.ar\/diario\/wp-json\/wp\/v2\/posts\/39424\/revisions\/39426"}],"wp:featuredmedia":[{"embeddable":true,"href":"https:\/\/armstrongyregion.com.ar\/diario\/wp-json\/wp\/v2\/media\/39425"}],"wp:attachment":[{"href":"https:\/\/armstrongyregion.com.ar\/diario\/wp-json\/wp\/v2\/media?parent=39424"}],"wp:term":[{"taxonomy":"category","embeddable":true,"href":"https:\/\/armstrongyregion.com.ar\/diario\/wp-json\/wp\/v2\/categories?post=39424"},{"taxonomy":"post_tag","embeddable":true,"href":"https:\/\/armstrongyregion.com.ar\/diario\/wp-json\/wp\/v2\/tags?post=39424"}],"curies":[{"name":"wp","href":"https:\/\/api.w.org\/{rel}","templated":true}]}}