{"id":39420,"date":"2023-07-14T16:42:44","date_gmt":"2023-07-14T16:42:44","guid":{"rendered":"https:\/\/armstrongyregion.com.ar\/diario\/?p=39420"},"modified":"2023-07-14T16:42:47","modified_gmt":"2023-07-14T16:42:47","slug":"segunda-convocatoria-de-becas-progresar-con-aumento-quienes-pueden-acceder-y-como-inscribirse","status":"publish","type":"post","link":"https:\/\/armstrongyregion.com.ar\/diario\/segunda-convocatoria-de-becas-progresar-con-aumento-quienes-pueden-acceder-y-como-inscribirse\/","title":{"rendered":"Segunda convocatoria de becas Progresar con aumento: qui\u00e9nes pueden acceder y c\u00f3mo inscribirse."},"content":{"rendered":"\n<figure class=\"wp-block-image size-full\"><a href=\"http:\/\/armstrongyregion.com.ar\/diario\/wp-content\/uploads\/2023\/07\/becas_progresar_crop1689335982777.jpg_1756841869.jpg\"><img loading=\"lazy\" decoding=\"async\" width=\"400\" height=\"225\" src=\"http:\/\/armstrongyregion.com.ar\/diario\/wp-content\/uploads\/2023\/07\/becas_progresar_crop1689335982777.jpg_1756841869.jpg\" alt=\"\" class=\"wp-image-39421\" srcset=\"https:\/\/armstrongyregion.com.ar\/diario\/wp-content\/uploads\/2023\/07\/becas_progresar_crop1689335982777.jpg_1756841869.jpg 400w, https:\/\/armstrongyregion.com.ar\/diario\/wp-content\/uploads\/2023\/07\/becas_progresar_crop1689335982777.jpg_1756841869-300x169.jpg 300w\" sizes=\"auto, (max-width: 400px) 100vw, 400px\" \/><\/a><\/figure>\n\n\n\n<h2 class=\"wp-block-heading\">El Gobierno anunci\u00f3 una suba del 56,5% en los montos del programa. A partir de cu\u00e1ndo correr\u00e1 y hasta cu\u00e1ndo hay tiempo para anotarse<\/h2>\n\n\n\n<p>La inscripci\u00f3n a la segunda convocatoria del a\u00f1o de<strong>\u00a0becas Progresar\u00a0<\/strong>estar\u00e1 disponible a partir de este viernes y hasta el 31 de agosto, para todas sus l\u00edneas, con el<strong>\u00a0nuevo beneficio a percibir de\u00a020 mil pesos\u00a0mensuales<\/strong>. Seg\u00fan inform\u00f3 la Administraci\u00f3n Nacional de la Seguridad Social (Anses), en conjunto con el Ministerio de Educaci\u00f3n, el plazo de registro ser\u00e1 para todas sus l\u00edneas: Progresar 16 y 17 a\u00f1os; Obligatorio; Superior; Enfermer\u00eda y Trabajo.<\/p>\n\n\n\n<p>Los ministros de Econom\u00eda,\u00a0<strong>Sergio Massa<\/strong>, y de Educaci\u00f3n, Jaime Perczyk, anunciaron el mi\u00e9rcoles la suba del monto del Progresar de 13 mil a 20 mil pesos, lo que representa<strong>\u00a0un incremento superior al 50%<\/strong>, conforme a lo que precisaron desde\u00a0<em>T\u00e9lam<\/em>.<\/p>\n\n\n\n<p>El valor general de la beca incluye un plus por conectividad, y la Anses detall\u00f3 en un comunicado que \u00ab<strong>se cobra el 80% mensualmente y el 20% restante al finalizar el per\u00edodo<\/strong>, acreditando la condici\u00f3n de alumno regular\u00bb.<\/p>\n\n\n\n<p>Todo aquel interesado en anotarse puede hacerlo desde el&nbsp;<a href=\"https:\/\/www.argentina.gob.ar\/educacion\/progresar\" target=\"_blank\" rel=\"noreferrer noopener\"><strong>sitio web oficial de Progresar<\/strong><\/a>. El organismo previsional aclar\u00f3 que en el caso de Progresar Trabajo la inscripci\u00f3n es hasta noviembre inclusive.<\/p>\n\n\n\n<p>En este sentido, subray\u00f3 que es importante tener en cuenta que&nbsp;<strong>los ingresos del grupo familiar de la o el titular no deben ser superiores a tres Salarios M\u00ednimos, Vitales y M\u00f3viles<\/strong>&nbsp;(SMVM).<\/p>\n","protected":false},"excerpt":{"rendered":"<p>El Gobierno anunci\u00f3 una suba del 56,5% en los montos del programa. A partir de cu\u00e1ndo correr\u00e1 y hasta cu\u00e1ndo hay tiempo para anotarse La inscripci\u00f3n a la segunda convocatoria del a\u00f1o de\u00a0becas Progresar\u00a0estar\u00e1 disponible a partir de este viernes y hasta el 31 de agosto, para todas sus l\u00edneas, con el\u00a0nuevo beneficio a percibir <a href=\"https:\/\/armstrongyregion.com.ar\/diario\/segunda-convocatoria-de-becas-progresar-con-aumento-quienes-pueden-acceder-y-como-inscribirse\/\" title=\"Read more\" >&#8230;<\/a><\/p>\n","protected":false},"author":1,"featured_media":39421,"comment_status":"open","ping_status":"open","sticky":false,"template":"","format":"image","meta":{"_jetpack_memberships_contains_paid_content":false,"footnotes":"","jetpack_publicize_message":"","jetpack_publicize_feature_enabled":true,"jetpack_social_post_already_shared":true,"jetpack_social_options":{"image_generator_settings":{"template":"highway","default_image_id":0,"enabled":false},"version":2}},"categories":[6,8,1,2,7,3],"tags":[341,451,19,9606,1527],"class_list":["post-39420","post","type-post","status-publish","format-image","has-post-thumbnail","hentry","category-cultura-entretenimiento","category-deliberando","category-diario-armstrong","category-locales","category-politica","category-region","tag-becas","tag-convocatoria","tag-de","tag-progresar","tag-segunda","post_format-post-format-image"],"jetpack_publicize_connections":[],"jetpack_featured_media_url":"https:\/\/armstrongyregion.com.ar\/diario\/wp-content\/uploads\/2023\/07\/becas_progresar_crop1689335982777.jpg_1756841869.jpg","jetpack_shortlink":"https:\/\/wp.me\/p62QDO-afO","jetpack_sharing_enabled":true,"amp_enabled":true,"_links":{"self":[{"href":"https:\/\/armstrongyregion.com.ar\/diario\/wp-json\/wp\/v2\/posts\/39420","targetHints":{"allow":["GET"]}}],"collection":[{"href":"https:\/\/armstrongyregion.com.ar\/diario\/wp-json\/wp\/v2\/posts"}],"about":[{"href":"https:\/\/armstrongyregion.com.ar\/diario\/wp-json\/wp\/v2\/types\/post"}],"author":[{"embeddable":true,"href":"https:\/\/armstrongyregion.com.ar\/diario\/wp-json\/wp\/v2\/users\/1"}],"replies":[{"embeddable":true,"href":"https:\/\/armstrongyregion.com.ar\/diario\/wp-json\/wp\/v2\/comments?post=39420"}],"version-history":[{"count":1,"href":"https:\/\/armstrongyregion.com.ar\/diario\/wp-json\/wp\/v2\/posts\/39420\/revisions"}],"predecessor-version":[{"id":39422,"href":"https:\/\/armstrongyregion.com.ar\/diario\/wp-json\/wp\/v2\/posts\/39420\/revisions\/39422"}],"wp:featuredmedia":[{"embeddable":true,"href":"https:\/\/armstrongyregion.com.ar\/diario\/wp-json\/wp\/v2\/media\/39421"}],"wp:attachment":[{"href":"https:\/\/armstrongyregion.com.ar\/diario\/wp-json\/wp\/v2\/media?parent=39420"}],"wp:term":[{"taxonomy":"category","embeddable":true,"href":"https:\/\/armstrongyregion.com.ar\/diario\/wp-json\/wp\/v2\/categories?post=39420"},{"taxonomy":"post_tag","embeddable":true,"href":"https:\/\/armstrongyregion.com.ar\/diario\/wp-json\/wp\/v2\/tags?post=39420"}],"curies":[{"name":"wp","href":"https:\/\/api.w.org\/{rel}","templated":true}]}}