{"id":39412,"date":"2023-07-13T21:28:14","date_gmt":"2023-07-13T21:28:14","guid":{"rendered":"https:\/\/armstrongyregion.com.ar\/diario\/?p=39412"},"modified":"2023-07-13T21:28:16","modified_gmt":"2023-07-13T21:28:16","slug":"se-entrego-el-f-a-e-de-julio-2023","status":"publish","type":"post","link":"https:\/\/armstrongyregion.com.ar\/diario\/se-entrego-el-f-a-e-de-julio-2023\/","title":{"rendered":"<a href=\"https:\/\/www.armstrong.gov.ar\/index.php\/news-2\/2048-se-entrego-el-f-a-e-de-julio-2023\">Se entreg\u00f3 el F.A.E. de julio 2023<\/a>"},"content":{"rendered":"\n<figure class=\"wp-block-image size-large\"><a href=\"http:\/\/armstrongyregion.com.ar\/diario\/wp-content\/uploads\/2023\/07\/fae_julio_diario_armstrong.jpg\"><img loading=\"lazy\" decoding=\"async\" width=\"1024\" height=\"683\" src=\"http:\/\/armstrongyregion.com.ar\/diario\/wp-content\/uploads\/2023\/07\/fae_julio_diario_armstrong-1024x683.jpg\" alt=\"fae_julio_diario_armstrong\" class=\"wp-image-39413\" srcset=\"https:\/\/armstrongyregion.com.ar\/diario\/wp-content\/uploads\/2023\/07\/fae_julio_diario_armstrong-1024x683.jpg 1024w, https:\/\/armstrongyregion.com.ar\/diario\/wp-content\/uploads\/2023\/07\/fae_julio_diario_armstrong-300x200.jpg 300w, https:\/\/armstrongyregion.com.ar\/diario\/wp-content\/uploads\/2023\/07\/fae_julio_diario_armstrong-768x512.jpg 768w, https:\/\/armstrongyregion.com.ar\/diario\/wp-content\/uploads\/2023\/07\/fae_julio_diario_armstrong.jpg 1350w\" sizes=\"auto, (max-width: 1024px) 100vw, 1024px\" \/><\/a><\/figure>\n\n\n\n<p>El Intendente Pablo Verdecchia acompa\u00f1ado de la Secretaria de Educaci\u00f3n y Desarrollo Integral Rosana Siri visitaron los establecimientos educativos de la ciudad con el objetivo de entregar la cuota del Fondo de Asistencia Educativa (F.A.E.), correspondiente al mes de julio de 2023.<\/p>\n\n\n\n<p>En esta oportunidad tambi\u00e9n hicieron un aporte extraordinario de $ 400.000 a la Escuela Superior de Comercio N\u00b0 51, destinados a iniciar la primera etapa de las tareas en la segunda planta del edificio con el recambio de las instalaciones el\u00e9ctricas, sumando el aporte de la Asoc. Cooperadora y la colaboraci\u00f3n de toda la comunidad para llevar adelante este proyecto.<\/p>\n\n\n\n<figure class=\"wp-block-image size-large\"><a href=\"http:\/\/armstrongyregion.com.ar\/diario\/wp-content\/uploads\/2023\/07\/fae_julio-v2.jpg\"><img loading=\"lazy\" decoding=\"async\" width=\"1024\" height=\"683\" src=\"http:\/\/armstrongyregion.com.ar\/diario\/wp-content\/uploads\/2023\/07\/fae_julio-v2-1024x683.jpg\" alt=\"\" class=\"wp-image-39414\" srcset=\"https:\/\/armstrongyregion.com.ar\/diario\/wp-content\/uploads\/2023\/07\/fae_julio-v2-1024x683.jpg 1024w, https:\/\/armstrongyregion.com.ar\/diario\/wp-content\/uploads\/2023\/07\/fae_julio-v2-300x200.jpg 300w, https:\/\/armstrongyregion.com.ar\/diario\/wp-content\/uploads\/2023\/07\/fae_julio-v2-768x512.jpg 768w, https:\/\/armstrongyregion.com.ar\/diario\/wp-content\/uploads\/2023\/07\/fae_julio-v2.jpg 1350w\" sizes=\"auto, (max-width: 1024px) 100vw, 1024px\" \/><\/a><\/figure>\n\n\n\n<p>\u201cSe va a hacer la estructura definitiva para tener una simplificaci\u00f3n del sistema el\u00e9ctrico que nos permita avanzar no s\u00f3lo por el confort sino tambi\u00e9n por las nuevas tecnolog\u00edas que van a ser aplicadas a la ense\u00f1anza. Estamos previendo el funcionamiento de estas escuelas de aqu\u00ed a 20 \u00f3 30 a\u00f1os\u201d, manifest\u00f3 Verdecchia.<\/p>\n\n\n\n<p>Las autoridades entregar\u00e1n por el corriente mes un total de $ 2.600.000 llegando a todas las escuelas y Biblioteca Popular Sarmiento, lo que les permite palpar las dificultades, problemas o necesidades de cada una de ellas, y actuar en consecuencia.<\/p>\n\n\n\n<figure class=\"wp-block-image size-large\"><a href=\"http:\/\/armstrongyregion.com.ar\/diario\/wp-content\/uploads\/2023\/07\/fae_julio-v3.jpg\"><img loading=\"lazy\" decoding=\"async\" width=\"1024\" height=\"683\" src=\"http:\/\/armstrongyregion.com.ar\/diario\/wp-content\/uploads\/2023\/07\/fae_julio-v3-1024x683.jpg\" alt=\"\" class=\"wp-image-39415\" srcset=\"https:\/\/armstrongyregion.com.ar\/diario\/wp-content\/uploads\/2023\/07\/fae_julio-v3-1024x683.jpg 1024w, https:\/\/armstrongyregion.com.ar\/diario\/wp-content\/uploads\/2023\/07\/fae_julio-v3-300x200.jpg 300w, https:\/\/armstrongyregion.com.ar\/diario\/wp-content\/uploads\/2023\/07\/fae_julio-v3-768x512.jpg 768w, https:\/\/armstrongyregion.com.ar\/diario\/wp-content\/uploads\/2023\/07\/fae_julio-v3.jpg 1350w\" sizes=\"auto, (max-width: 1024px) 100vw, 1024px\" \/><\/a><\/figure>\n","protected":false},"excerpt":{"rendered":"<p>El Intendente Pablo Verdecchia acompa\u00f1ado de la Secretaria de Educaci\u00f3n y Desarrollo Integral Rosana Siri visitaron los establecimientos educativos de la ciudad con el objetivo de entregar la cuota del Fondo de Asistencia Educativa (F.A.E.), correspondiente al mes de julio de 2023. En esta oportunidad tambi\u00e9n hicieron un aporte extraordinario de $ 400.000 a la <a href=\"https:\/\/armstrongyregion.com.ar\/diario\/se-entrego-el-f-a-e-de-julio-2023\/\" title=\"Read more\" >&#8230;<\/a><\/p>\n","protected":false},"author":2,"featured_media":39413,"comment_status":"open","ping_status":"open","sticky":false,"template":"","format":"image","meta":{"_jetpack_memberships_contains_paid_content":false,"footnotes":"","jetpack_publicize_message":"","jetpack_publicize_feature_enabled":true,"jetpack_social_post_already_shared":true,"jetpack_social_options":{"image_generator_settings":{"template":"highway","default_image_id":0,"enabled":false},"version":2}},"categories":[1],"tags":[],"class_list":["post-39412","post","type-post","status-publish","format-image","has-post-thumbnail","hentry","category-diario-armstrong","post_format-post-format-image"],"jetpack_publicize_connections":[],"jetpack_featured_media_url":"https:\/\/armstrongyregion.com.ar\/diario\/wp-content\/uploads\/2023\/07\/fae_julio_diario_armstrong.jpg","jetpack_shortlink":"https:\/\/wp.me\/p62QDO-afG","jetpack_sharing_enabled":true,"amp_enabled":true,"_links":{"self":[{"href":"https:\/\/armstrongyregion.com.ar\/diario\/wp-json\/wp\/v2\/posts\/39412","targetHints":{"allow":["GET"]}}],"collection":[{"href":"https:\/\/armstrongyregion.com.ar\/diario\/wp-json\/wp\/v2\/posts"}],"about":[{"href":"https:\/\/armstrongyregion.com.ar\/diario\/wp-json\/wp\/v2\/types\/post"}],"author":[{"embeddable":true,"href":"https:\/\/armstrongyregion.com.ar\/diario\/wp-json\/wp\/v2\/users\/2"}],"replies":[{"embeddable":true,"href":"https:\/\/armstrongyregion.com.ar\/diario\/wp-json\/wp\/v2\/comments?post=39412"}],"version-history":[{"count":1,"href":"https:\/\/armstrongyregion.com.ar\/diario\/wp-json\/wp\/v2\/posts\/39412\/revisions"}],"predecessor-version":[{"id":39416,"href":"https:\/\/armstrongyregion.com.ar\/diario\/wp-json\/wp\/v2\/posts\/39412\/revisions\/39416"}],"wp:featuredmedia":[{"embeddable":true,"href":"https:\/\/armstrongyregion.com.ar\/diario\/wp-json\/wp\/v2\/media\/39413"}],"wp:attachment":[{"href":"https:\/\/armstrongyregion.com.ar\/diario\/wp-json\/wp\/v2\/media?parent=39412"}],"wp:term":[{"taxonomy":"category","embeddable":true,"href":"https:\/\/armstrongyregion.com.ar\/diario\/wp-json\/wp\/v2\/categories?post=39412"},{"taxonomy":"post_tag","embeddable":true,"href":"https:\/\/armstrongyregion.com.ar\/diario\/wp-json\/wp\/v2\/tags?post=39412"}],"curies":[{"name":"wp","href":"https:\/\/api.w.org\/{rel}","templated":true}]}}