{"id":3940,"date":"2015-09-07T11:31:56","date_gmt":"2015-09-07T11:31:56","guid":{"rendered":"https:\/\/armstrongyregion.com.ar\/diario\/?p=3940"},"modified":"2015-09-07T11:31:56","modified_gmt":"2015-09-07T11:31:56","slug":"emiliano-gramigna-concejal-electo-de-armstrong","status":"publish","type":"post","link":"https:\/\/armstrongyregion.com.ar\/diario\/emiliano-gramigna-concejal-electo-de-armstrong\/","title":{"rendered":"Emiliano Gramigna, concejal electo de Armstrong."},"content":{"rendered":"<p><a href=\"http:\/\/armstrongyregion.com.ar\/diario\/wp-content\/uploads\/2015\/09\/DSC_03051.jpg\"><img loading=\"lazy\" decoding=\"async\" class=\"alignnone size-medium wp-image-3941\" src=\"http:\/\/armstrongyregion.com.ar\/diario\/wp-content\/uploads\/2015\/09\/DSC_03051-300x200.jpg\" alt=\"Emiliano-Gramigna-\" width=\"300\" height=\"200\" srcset=\"https:\/\/armstrongyregion.com.ar\/diario\/wp-content\/uploads\/2015\/09\/DSC_03051-300x200.jpg 300w, https:\/\/armstrongyregion.com.ar\/diario\/wp-content\/uploads\/2015\/09\/DSC_03051-1024x683.jpg 1024w\" sizes=\"auto, (max-width: 300px) 100vw, 300px\" \/><\/a><\/p>\n<p><iframe loading=\"lazy\" width=\"800\" height=\"600\" src=\"https:\/\/www.youtube.com\/embed\/C8R06PCokC4?feature=oembed\" frameborder=\"0\" allowfullscreen><\/iframe><\/p>\n<p>Emiliano Gramigna uno de los concejales electos j\u00f3venes de la pol\u00edtica de Armstrong, dar\u00e1 su posici\u00f3n con respecto a su futuro trabajo en el cuerpo deliberativo. La realidad de la ciudad y las necesidades que plantear\u00e1n en el cuerpo.<\/p>\n","protected":false},"excerpt":{"rendered":"<p>Emiliano Gramigna uno de los concejales electos j\u00f3venes de la pol\u00edtica de Armstrong, dar\u00e1 su posici\u00f3n con respecto a su futuro trabajo en el cuerpo deliberativo. La realidad de la ciudad y las necesidades que plantear\u00e1n en el cuerpo.<\/p>\n","protected":false},"author":2,"featured_media":3941,"comment_status":"open","ping_status":"open","sticky":false,"template":"","format":"standard","meta":{"_jetpack_memberships_contains_paid_content":false,"footnotes":"","jetpack_publicize_message":"","jetpack_publicize_feature_enabled":true,"jetpack_social_post_already_shared":false,"jetpack_social_options":{"image_generator_settings":{"template":"highway","default_image_id":0,"enabled":false},"version":2}},"categories":[8,1,2,7],"tags":[673,19,1071,141,979],"class_list":["post-3940","post","type-post","status-publish","format-standard","has-post-thumbnail","hentry","category-deliberando","category-diario-armstrong","category-locales","category-politica","tag-concejal","tag-de","tag-electo","tag-emiliano","tag-gramigna"],"jetpack_publicize_connections":[],"jetpack_featured_media_url":"https:\/\/armstrongyregion.com.ar\/diario\/wp-content\/uploads\/2015\/09\/DSC_03051.jpg","jetpack_shortlink":"https:\/\/wp.me\/p62QDO-11y","jetpack_sharing_enabled":true,"amp_enabled":true,"_links":{"self":[{"href":"https:\/\/armstrongyregion.com.ar\/diario\/wp-json\/wp\/v2\/posts\/3940","targetHints":{"allow":["GET"]}}],"collection":[{"href":"https:\/\/armstrongyregion.com.ar\/diario\/wp-json\/wp\/v2\/posts"}],"about":[{"href":"https:\/\/armstrongyregion.com.ar\/diario\/wp-json\/wp\/v2\/types\/post"}],"author":[{"embeddable":true,"href":"https:\/\/armstrongyregion.com.ar\/diario\/wp-json\/wp\/v2\/users\/2"}],"replies":[{"embeddable":true,"href":"https:\/\/armstrongyregion.com.ar\/diario\/wp-json\/wp\/v2\/comments?post=3940"}],"version-history":[{"count":0,"href":"https:\/\/armstrongyregion.com.ar\/diario\/wp-json\/wp\/v2\/posts\/3940\/revisions"}],"wp:featuredmedia":[{"embeddable":true,"href":"https:\/\/armstrongyregion.com.ar\/diario\/wp-json\/wp\/v2\/media\/3941"}],"wp:attachment":[{"href":"https:\/\/armstrongyregion.com.ar\/diario\/wp-json\/wp\/v2\/media?parent=3940"}],"wp:term":[{"taxonomy":"category","embeddable":true,"href":"https:\/\/armstrongyregion.com.ar\/diario\/wp-json\/wp\/v2\/categories?post=3940"},{"taxonomy":"post_tag","embeddable":true,"href":"https:\/\/armstrongyregion.com.ar\/diario\/wp-json\/wp\/v2\/tags?post=3940"}],"curies":[{"name":"wp","href":"https:\/\/api.w.org\/{rel}","templated":true}]}}