{"id":39395,"date":"2023-07-13T01:18:16","date_gmt":"2023-07-13T01:18:16","guid":{"rendered":"https:\/\/armstrongyregion.com.ar\/diario\/?p=39395"},"modified":"2023-07-13T01:18:19","modified_gmt":"2023-07-13T01:18:19","slug":"casalegno-y-di-paola-presentes-en-la-feria-de-educacion-artes-ciencias-y-tecnologia-en-escuela-belgrano","status":"publish","type":"post","link":"https:\/\/armstrongyregion.com.ar\/diario\/casalegno-y-di-paola-presentes-en-la-feria-de-educacion-artes-ciencias-y-tecnologia-en-escuela-belgrano\/","title":{"rendered":"Casalegno y Di Paola presentes en la feria de Educaci\u00f3n, Artes, Ciencias y Tecnolog\u00eda en Escuela Belgrano."},"content":{"rendered":"\n<figure class=\"wp-block-image size-full\"><a href=\"http:\/\/armstrongyregion.com.ar\/diario\/wp-content\/uploads\/2023\/07\/CASALEGNO-12-7-.jpg\"><img loading=\"lazy\" decoding=\"async\" width=\"400\" height=\"225\" src=\"http:\/\/armstrongyregion.com.ar\/diario\/wp-content\/uploads\/2023\/07\/CASALEGNO-12-7-.jpg\" alt=\"\" class=\"wp-image-39396\" srcset=\"https:\/\/armstrongyregion.com.ar\/diario\/wp-content\/uploads\/2023\/07\/CASALEGNO-12-7-.jpg 400w, https:\/\/armstrongyregion.com.ar\/diario\/wp-content\/uploads\/2023\/07\/CASALEGNO-12-7--300x169.jpg 300w\" sizes=\"auto, (max-width: 400px) 100vw, 400px\" \/><\/a><\/figure>\n\n\n\n<p>El presidente del Concejo, Marcelo Casalegno, junto a la secretar\u00eda de Cultura, Raquel Di Paola, y los concejales Marisel Loyola y Diego D\u00edaz Patr\u00f3n, participaron del acto de inauguraci\u00f3n de la Feria de Educaci\u00f3n, Artes, Ciencias y Tecnolog\u00eda 2023, que se realiza en nuestra ciudad, en la Escuela N\u00b0 6410 \u00abManuel Belgrano\u00bb.<\/p>\n\n\n\n<p>En esta iniciativa, los alumnos como protagonistas y los docentes como asesores, abordan problem\u00e1ticas sociales y culturales con sus trabajos. \u201cEs muy interesante porque mueve a la educaci\u00f3n desde otro lugar y es muy importante que los chicos puedan trabajar con su proyecto de investigaci\u00f3n en el aula\u201d, expresaron Casalegno y Di Paola.&nbsp;<\/p>\n","protected":false},"excerpt":{"rendered":"<p>El presidente del Concejo, Marcelo Casalegno, junto a la secretar\u00eda de Cultura, Raquel Di Paola, y los concejales Marisel Loyola y Diego D\u00edaz Patr\u00f3n, participaron del acto de inauguraci\u00f3n de la Feria de Educaci\u00f3n, Artes, Ciencias y Tecnolog\u00eda 2023, que se realiza en nuestra ciudad, en la Escuela N\u00b0 6410 \u00abManuel Belgrano\u00bb. En esta iniciativa, <a href=\"https:\/\/armstrongyregion.com.ar\/diario\/casalegno-y-di-paola-presentes-en-la-feria-de-educacion-artes-ciencias-y-tecnologia-en-escuela-belgrano\/\" title=\"Read more\" >&#8230;<\/a><\/p>\n","protected":false},"author":1,"featured_media":39396,"comment_status":"open","ping_status":"open","sticky":false,"template":"","format":"image","meta":{"_jetpack_memberships_contains_paid_content":false,"footnotes":"","jetpack_publicize_message":"","jetpack_publicize_feature_enabled":true,"jetpack_social_post_already_shared":true,"jetpack_social_options":{"image_generator_settings":{"template":"highway","default_image_id":0,"enabled":false},"version":2}},"categories":[8,1,2,7,3],"tags":[588,9602,9603,15,31,3423],"class_list":["post-39395","post","type-post","status-publish","format-image","has-post-thumbnail","hentry","category-deliberando","category-diario-armstrong","category-locales","category-politica","category-region","tag-casalegno","tag-dipaola","tag-educacion-3","tag-en","tag-la","tag-presentes","post_format-post-format-image"],"jetpack_publicize_connections":[],"jetpack_featured_media_url":"https:\/\/armstrongyregion.com.ar\/diario\/wp-content\/uploads\/2023\/07\/CASALEGNO-12-7-.jpg","jetpack_shortlink":"https:\/\/wp.me\/p62QDO-afp","jetpack_sharing_enabled":true,"amp_enabled":true,"_links":{"self":[{"href":"https:\/\/armstrongyregion.com.ar\/diario\/wp-json\/wp\/v2\/posts\/39395","targetHints":{"allow":["GET"]}}],"collection":[{"href":"https:\/\/armstrongyregion.com.ar\/diario\/wp-json\/wp\/v2\/posts"}],"about":[{"href":"https:\/\/armstrongyregion.com.ar\/diario\/wp-json\/wp\/v2\/types\/post"}],"author":[{"embeddable":true,"href":"https:\/\/armstrongyregion.com.ar\/diario\/wp-json\/wp\/v2\/users\/1"}],"replies":[{"embeddable":true,"href":"https:\/\/armstrongyregion.com.ar\/diario\/wp-json\/wp\/v2\/comments?post=39395"}],"version-history":[{"count":1,"href":"https:\/\/armstrongyregion.com.ar\/diario\/wp-json\/wp\/v2\/posts\/39395\/revisions"}],"predecessor-version":[{"id":39397,"href":"https:\/\/armstrongyregion.com.ar\/diario\/wp-json\/wp\/v2\/posts\/39395\/revisions\/39397"}],"wp:featuredmedia":[{"embeddable":true,"href":"https:\/\/armstrongyregion.com.ar\/diario\/wp-json\/wp\/v2\/media\/39396"}],"wp:attachment":[{"href":"https:\/\/armstrongyregion.com.ar\/diario\/wp-json\/wp\/v2\/media?parent=39395"}],"wp:term":[{"taxonomy":"category","embeddable":true,"href":"https:\/\/armstrongyregion.com.ar\/diario\/wp-json\/wp\/v2\/categories?post=39395"},{"taxonomy":"post_tag","embeddable":true,"href":"https:\/\/armstrongyregion.com.ar\/diario\/wp-json\/wp\/v2\/tags?post=39395"}],"curies":[{"name":"wp","href":"https:\/\/api.w.org\/{rel}","templated":true}]}}