{"id":39386,"date":"2023-07-12T03:12:05","date_gmt":"2023-07-12T03:12:05","guid":{"rendered":"https:\/\/armstrongyregion.com.ar\/diario\/?p=39386"},"modified":"2023-07-12T03:12:07","modified_gmt":"2023-07-12T03:12:07","slug":"amil-no-tengo-miedo-de-hablar-de-seguridad-los-temas-menos-difundidos-son-los-mas-urgentes","status":"publish","type":"post","link":"https:\/\/armstrongyregion.com.ar\/diario\/amil-no-tengo-miedo-de-hablar-de-seguridad-los-temas-menos-difundidos-son-los-mas-urgentes\/","title":{"rendered":"Amil: \u201cNO TENGO MIEDO DE HABLAR DE SEGURIDAD, los temas menos difundidos son los m\u00e1s urgentes\u201d"},"content":{"rendered":"\n<figure class=\"wp-block-image size-full\"><a href=\"http:\/\/armstrongyregion.com.ar\/diario\/wp-content\/uploads\/2023\/07\/FACU-AMIL-5-7-23-.jpg\"><img loading=\"lazy\" decoding=\"async\" width=\"424\" height=\"435\" src=\"http:\/\/armstrongyregion.com.ar\/diario\/wp-content\/uploads\/2023\/07\/FACU-AMIL-5-7-23-.jpg\" alt=\"\" class=\"wp-image-39298\" srcset=\"https:\/\/armstrongyregion.com.ar\/diario\/wp-content\/uploads\/2023\/07\/FACU-AMIL-5-7-23-.jpg 424w, https:\/\/armstrongyregion.com.ar\/diario\/wp-content\/uploads\/2023\/07\/FACU-AMIL-5-7-23--292x300.jpg 292w\" sizes=\"auto, (max-width: 424px) 100vw, 424px\" \/><\/a><\/figure>\n\n\n\n<p>El pre-candidato a concejal Facundo Amil, por el partido Somos Armstrong, manifest\u00f3 \u00abes evidente que nadie se quiere meter en ese tema, no podemos dejar a Armstrong a la deriva\u00bb.<\/p>\n\n\n\n<p>\u00abSe deber\u00eda comenzar a trabajar con seriedad en cuestiones de seguridad, ya estamos viviendo hechos delictivos que ac\u00e1 no pasaban. No podemos perder la tranquilidad de sentirnos seguros y si de provincia o naci\u00f3n no nos cuidan nos vamos a tener que proteger desde el municipio, con patrullaje municipal, guardia urbana, monitoreo y todo lo que haga falta para cuidar al vecino de Armstrong. Obviamente continuar exigiendo a quienes hoy deber\u00edan velar por nuestra seguridad\u00bb.<\/p>\n","protected":false},"excerpt":{"rendered":"<p>El pre-candidato a concejal Facundo Amil, por el partido Somos Armstrong, manifest\u00f3 \u00abes evidente que nadie se quiere meter en ese tema, no podemos dejar a Armstrong a la deriva\u00bb. \u00abSe deber\u00eda comenzar a trabajar con seriedad en cuestiones de seguridad, ya estamos viviendo hechos delictivos que ac\u00e1 no pasaban. No podemos perder la tranquilidad <a href=\"https:\/\/armstrongyregion.com.ar\/diario\/amil-no-tengo-miedo-de-hablar-de-seguridad-los-temas-menos-difundidos-son-los-mas-urgentes\/\" title=\"Read more\" >&#8230;<\/a><\/p>\n","protected":false},"author":1,"featured_media":39298,"comment_status":"open","ping_status":"open","sticky":false,"template":"","format":"image","meta":{"_jetpack_memberships_contains_paid_content":false,"footnotes":"","jetpack_publicize_message":"","jetpack_publicize_feature_enabled":true,"jetpack_social_post_already_shared":true,"jetpack_social_options":{"image_generator_settings":{"template":"highway","default_image_id":0,"enabled":false},"version":2}},"categories":[8,1,2,7,3],"tags":[8601,19,8859,8991,3054],"class_list":["post-39386","post","type-post","status-publish","format-image","has-post-thumbnail","hentry","category-deliberando","category-diario-armstrong","category-locales","category-politica","category-region","tag-amil","tag-de","tag-hablar","tag-seguridad-2","tag-tengo","post_format-post-format-image"],"jetpack_publicize_connections":[],"jetpack_featured_media_url":"https:\/\/armstrongyregion.com.ar\/diario\/wp-content\/uploads\/2023\/07\/FACU-AMIL-5-7-23-.jpg","jetpack_shortlink":"https:\/\/wp.me\/p62QDO-afg","jetpack_sharing_enabled":true,"amp_enabled":true,"_links":{"self":[{"href":"https:\/\/armstrongyregion.com.ar\/diario\/wp-json\/wp\/v2\/posts\/39386","targetHints":{"allow":["GET"]}}],"collection":[{"href":"https:\/\/armstrongyregion.com.ar\/diario\/wp-json\/wp\/v2\/posts"}],"about":[{"href":"https:\/\/armstrongyregion.com.ar\/diario\/wp-json\/wp\/v2\/types\/post"}],"author":[{"embeddable":true,"href":"https:\/\/armstrongyregion.com.ar\/diario\/wp-json\/wp\/v2\/users\/1"}],"replies":[{"embeddable":true,"href":"https:\/\/armstrongyregion.com.ar\/diario\/wp-json\/wp\/v2\/comments?post=39386"}],"version-history":[{"count":1,"href":"https:\/\/armstrongyregion.com.ar\/diario\/wp-json\/wp\/v2\/posts\/39386\/revisions"}],"predecessor-version":[{"id":39387,"href":"https:\/\/armstrongyregion.com.ar\/diario\/wp-json\/wp\/v2\/posts\/39386\/revisions\/39387"}],"wp:featuredmedia":[{"embeddable":true,"href":"https:\/\/armstrongyregion.com.ar\/diario\/wp-json\/wp\/v2\/media\/39298"}],"wp:attachment":[{"href":"https:\/\/armstrongyregion.com.ar\/diario\/wp-json\/wp\/v2\/media?parent=39386"}],"wp:term":[{"taxonomy":"category","embeddable":true,"href":"https:\/\/armstrongyregion.com.ar\/diario\/wp-json\/wp\/v2\/categories?post=39386"},{"taxonomy":"post_tag","embeddable":true,"href":"https:\/\/armstrongyregion.com.ar\/diario\/wp-json\/wp\/v2\/tags?post=39386"}],"curies":[{"name":"wp","href":"https:\/\/api.w.org\/{rel}","templated":true}]}}