{"id":39383,"date":"2023-07-12T01:28:08","date_gmt":"2023-07-12T01:28:08","guid":{"rendered":"https:\/\/armstrongyregion.com.ar\/diario\/?p=39383"},"modified":"2023-07-12T01:28:11","modified_gmt":"2023-07-12T01:28:11","slug":"deliberando-de-cara-a-las-paso-precandidatos-a-concejales-de-la-ciudad-de-armstrong-dan-su-posicion-y-hablan-de-proyectos","status":"publish","type":"post","link":"https:\/\/armstrongyregion.com.ar\/diario\/deliberando-de-cara-a-las-paso-precandidatos-a-concejales-de-la-ciudad-de-armstrong-dan-su-posicion-y-hablan-de-proyectos\/","title":{"rendered":"Deliberando: De cara a las PASO Precandidatos a Concejales de la ciudad de Armstrong dan su posici\u00f3n y hablan de proyectos."},"content":{"rendered":"\n<figure class=\"wp-block-image size-full\"><a href=\"http:\/\/armstrongyregion.com.ar\/diario\/wp-content\/uploads\/2023\/07\/DELIBERANDO-11-7-23.jpg\"><img loading=\"lazy\" decoding=\"async\" width=\"270\" height=\"265\" src=\"http:\/\/armstrongyregion.com.ar\/diario\/wp-content\/uploads\/2023\/07\/DELIBERANDO-11-7-23.jpg\" alt=\"\" class=\"wp-image-39384\"\/><\/a><\/figure>\n\n\n\n<p>De cara a las PASO, elecciones Primarias, Abiertas, Simult\u00e1neas y Obligatorias, contaremos<br>con la presencia de referentes de 3 listas de precandidatos a concejales por la ciudad de<br>Armstrong, quienes nos dar\u00e1n su visi\u00f3n sobre el trabajo que se realiza en el recinto, con qu\u00e9<br>referentes pol\u00edticos a nivel provincia y naci\u00f3n se identifican, cuales son sus proyectos en<br>beneficio de los ciudadanos y porque deben ocupar o renovar una banca en el recinto.<\/p>\n\n\n\n<p>En el primer bloque participar\u00e1 el actual concejal de Renovaci\u00f3n por Armstrong, Emiliano<br>Gramigna.<\/p>\n\n\n\n<p>En el 2do bloque participar\u00e1 el Dr. Gerardo Pavicic quien va primero en la lista \u00abArmstrong<br>Siempre\u00bb, una de las cuatro propuestas que sortear\u00e1 una interna el pr\u00f3ximo 16 de Julio dentro<br>del espacio \u00abUnidad Armstronense\u00bb.<\/p>\n\n\n\n<p>Finalmente cerrar\u00e1n nuestro programa los precandidatos de la lista \u201cArmstrong Puede\u201d Prof.<br>Alejandro Pertusati y Dra. Carla Revigliono.<br>Martes 10 de Julio. 21hs por Cable Imagen Armstrong.<br>Reiteraciones Mi\u00e9rcoles 13,30hs y Domingos 12,00hs.<\/p>\n","protected":false},"excerpt":{"rendered":"<p>De cara a las PASO, elecciones Primarias, Abiertas, Simult\u00e1neas y Obligatorias, contaremoscon la presencia de referentes de 3 listas de precandidatos a concejales por la ciudad deArmstrong, quienes nos dar\u00e1n su visi\u00f3n sobre el trabajo que se realiza en el recinto, con qu\u00e9referentes pol\u00edticos a nivel provincia y naci\u00f3n se identifican, cuales son sus proyectos <a href=\"https:\/\/armstrongyregion.com.ar\/diario\/deliberando-de-cara-a-las-paso-precandidatos-a-concejales-de-la-ciudad-de-armstrong-dan-su-posicion-y-hablan-de-proyectos\/\" title=\"Read more\" >&#8230;<\/a><\/p>\n","protected":false},"author":1,"featured_media":39384,"comment_status":"open","ping_status":"open","sticky":false,"template":"","format":"image","meta":{"_jetpack_memberships_contains_paid_content":false,"footnotes":"","jetpack_publicize_message":"","jetpack_publicize_feature_enabled":true,"jetpack_social_post_already_shared":true,"jetpack_social_options":{"image_generator_settings":{"template":"highway","default_image_id":0,"enabled":false},"version":2}},"categories":[8,1,2,7,3],"tags":[33,20,8646,8830,19,53,44,932,871],"class_list":["post-39383","post","type-post","status-publish","format-image","has-post-thumbnail","hentry","category-deliberando","category-diario-armstrong","category-locales","category-politica","category-region","tag-a","tag-armstrong","tag-ciudad-2","tag-concejales-2","tag-de","tag-del","tag-deliberando-2","tag-paso","tag-precandidatos","post_format-post-format-image"],"jetpack_publicize_connections":[],"jetpack_featured_media_url":"https:\/\/armstrongyregion.com.ar\/diario\/wp-content\/uploads\/2023\/07\/DELIBERANDO-11-7-23.jpg","jetpack_shortlink":"https:\/\/wp.me\/p62QDO-afd","jetpack_sharing_enabled":true,"amp_enabled":true,"_links":{"self":[{"href":"https:\/\/armstrongyregion.com.ar\/diario\/wp-json\/wp\/v2\/posts\/39383","targetHints":{"allow":["GET"]}}],"collection":[{"href":"https:\/\/armstrongyregion.com.ar\/diario\/wp-json\/wp\/v2\/posts"}],"about":[{"href":"https:\/\/armstrongyregion.com.ar\/diario\/wp-json\/wp\/v2\/types\/post"}],"author":[{"embeddable":true,"href":"https:\/\/armstrongyregion.com.ar\/diario\/wp-json\/wp\/v2\/users\/1"}],"replies":[{"embeddable":true,"href":"https:\/\/armstrongyregion.com.ar\/diario\/wp-json\/wp\/v2\/comments?post=39383"}],"version-history":[{"count":1,"href":"https:\/\/armstrongyregion.com.ar\/diario\/wp-json\/wp\/v2\/posts\/39383\/revisions"}],"predecessor-version":[{"id":39385,"href":"https:\/\/armstrongyregion.com.ar\/diario\/wp-json\/wp\/v2\/posts\/39383\/revisions\/39385"}],"wp:featuredmedia":[{"embeddable":true,"href":"https:\/\/armstrongyregion.com.ar\/diario\/wp-json\/wp\/v2\/media\/39384"}],"wp:attachment":[{"href":"https:\/\/armstrongyregion.com.ar\/diario\/wp-json\/wp\/v2\/media?parent=39383"}],"wp:term":[{"taxonomy":"category","embeddable":true,"href":"https:\/\/armstrongyregion.com.ar\/diario\/wp-json\/wp\/v2\/categories?post=39383"},{"taxonomy":"post_tag","embeddable":true,"href":"https:\/\/armstrongyregion.com.ar\/diario\/wp-json\/wp\/v2\/tags?post=39383"}],"curies":[{"name":"wp","href":"https:\/\/api.w.org\/{rel}","templated":true}]}}