{"id":39378,"date":"2023-07-11T23:27:19","date_gmt":"2023-07-11T23:27:19","guid":{"rendered":"https:\/\/armstrongyregion.com.ar\/diario\/?p=39378"},"modified":"2023-07-11T23:27:21","modified_gmt":"2023-07-11T23:27:21","slug":"el-departamento-belgrano-en-40-anos-de-democracia-solo-tuvo-3-senadores","status":"publish","type":"post","link":"https:\/\/armstrongyregion.com.ar\/diario\/el-departamento-belgrano-en-40-anos-de-democracia-solo-tuvo-3-senadores\/","title":{"rendered":"\u00abEl departamento Belgrano en 40 a\u00f1os de democracia solo tuvo 3 senadores\u00bb."},"content":{"rendered":"\n<figure class=\"wp-block-image size-full\"><a href=\"http:\/\/armstrongyregion.com.ar\/diario\/wp-content\/uploads\/2023\/07\/castellani-4-7-23.jpg\"><img loading=\"lazy\" decoding=\"async\" width=\"360\" height=\"203\" src=\"http:\/\/armstrongyregion.com.ar\/diario\/wp-content\/uploads\/2023\/07\/castellani-4-7-23.jpg\" alt=\"\" class=\"wp-image-39279\" srcset=\"https:\/\/armstrongyregion.com.ar\/diario\/wp-content\/uploads\/2023\/07\/castellani-4-7-23.jpg 360w, https:\/\/armstrongyregion.com.ar\/diario\/wp-content\/uploads\/2023\/07\/castellani-4-7-23-300x169.jpg 300w\" sizes=\"auto, (max-width: 360px) 100vw, 360px\" \/><\/a><\/figure>\n\n\n\n<h2 class=\"wp-block-heading\">As\u00ed lo expres\u00f3 el precandidato a Senador por el Dep. Belgrano Carlos Castellani. Recta final de campa\u00f1a para las paso 2023.<\/h2>\n\n\n\n<p>\u00abFaltan muy pocos d\u00edas esta es la previa a las paso, como siempre digo la pol\u00edtica es una cosa importante no hay que desprestigiarla y tratar de hacerla bien, eso es lo que intento ahora como precandidato a Senador.<\/p>\n\n\n\n<p>El Dep. Belgrano tuvo en 40 a\u00f1os de democracias tres Senadores solamente en Bouquet y en Tortugas, Las Rosas, Las Parejas y Armstrong deber\u00edan intentar tener alguno con eso de la relecci\u00f3n no indefinida que es lo que voy a proponer a trav\u00e9s de un periodo de gobierno y una sola relecci\u00f3n.<\/p>\n\n\n\n<p>En cuanto a la claridad de los subsidios que tienen 18 millones de pesos por mes que son casi 200 millones al a\u00f1o, no digo que lo hagan bien o mal pero debe haber una informaci\u00f3n mensual de hacia donde fueron cada uno de esos subsidios y se arme un debate en la sociedad\u00bb, expres\u00f3 Castellani.<\/p>\n\n\n\n<figure class=\"wp-block-embed is-type-video is-provider-youtube wp-block-embed-youtube wp-embed-aspect-16-9 wp-has-aspect-ratio\"><div class=\"wp-block-embed__wrapper\">\n<iframe loading=\"lazy\" title=\"10-07-23 Nota Carlos Castellani \u2013 Precandidato A Senador Unidos\" width=\"800\" height=\"450\" src=\"https:\/\/www.youtube.com\/embed\/c_Ip82mht1A?feature=oembed\" frameborder=\"0\" allow=\"accelerometer; autoplay; clipboard-write; encrypted-media; gyroscope; picture-in-picture; web-share\" allowfullscreen><\/iframe>\n<\/div><\/figure>\n\n\n\n<p><\/p>\n\n\n\n<p>Fuente: Renacer Regional.<\/p>\n","protected":false},"excerpt":{"rendered":"<p>As\u00ed lo expres\u00f3 el precandidato a Senador por el Dep. Belgrano Carlos Castellani. Recta final de campa\u00f1a para las paso 2023. \u00abFaltan muy pocos d\u00edas esta es la previa a las paso, como siempre digo la pol\u00edtica es una cosa importante no hay que desprestigiarla y tratar de hacerla bien, eso es lo que intento <a href=\"https:\/\/armstrongyregion.com.ar\/diario\/el-departamento-belgrano-en-40-anos-de-democracia-solo-tuvo-3-senadores\/\" title=\"Read more\" >&#8230;<\/a><\/p>\n","protected":false},"author":1,"featured_media":39279,"comment_status":"open","ping_status":"open","sticky":false,"template":"","format":"image","meta":{"_jetpack_memberships_contains_paid_content":false,"footnotes":"","jetpack_publicize_message":"","jetpack_publicize_feature_enabled":true,"jetpack_social_post_already_shared":true,"jetpack_social_options":{"image_generator_settings":{"template":"highway","default_image_id":0,"enabled":false},"version":2}},"categories":[8,1,2,7,3],"tags":[9593,8606,872,16,9592,8526,2408],"class_list":["post-39378","post","type-post","status-publish","format-image","has-post-thumbnail","hentry","category-deliberando","category-diario-armstrong","category-locales","category-politica","category-region","tag-3-senadores","tag-belgrano-2","tag-departamento","tag-el","tag-en-40-anos","tag-solo-2","tag-tuvo","post_format-post-format-image"],"jetpack_publicize_connections":[],"jetpack_featured_media_url":"https:\/\/armstrongyregion.com.ar\/diario\/wp-content\/uploads\/2023\/07\/castellani-4-7-23.jpg","jetpack_shortlink":"https:\/\/wp.me\/p62QDO-af8","jetpack_sharing_enabled":true,"amp_enabled":true,"_links":{"self":[{"href":"https:\/\/armstrongyregion.com.ar\/diario\/wp-json\/wp\/v2\/posts\/39378","targetHints":{"allow":["GET"]}}],"collection":[{"href":"https:\/\/armstrongyregion.com.ar\/diario\/wp-json\/wp\/v2\/posts"}],"about":[{"href":"https:\/\/armstrongyregion.com.ar\/diario\/wp-json\/wp\/v2\/types\/post"}],"author":[{"embeddable":true,"href":"https:\/\/armstrongyregion.com.ar\/diario\/wp-json\/wp\/v2\/users\/1"}],"replies":[{"embeddable":true,"href":"https:\/\/armstrongyregion.com.ar\/diario\/wp-json\/wp\/v2\/comments?post=39378"}],"version-history":[{"count":1,"href":"https:\/\/armstrongyregion.com.ar\/diario\/wp-json\/wp\/v2\/posts\/39378\/revisions"}],"predecessor-version":[{"id":39379,"href":"https:\/\/armstrongyregion.com.ar\/diario\/wp-json\/wp\/v2\/posts\/39378\/revisions\/39379"}],"wp:featuredmedia":[{"embeddable":true,"href":"https:\/\/armstrongyregion.com.ar\/diario\/wp-json\/wp\/v2\/media\/39279"}],"wp:attachment":[{"href":"https:\/\/armstrongyregion.com.ar\/diario\/wp-json\/wp\/v2\/media?parent=39378"}],"wp:term":[{"taxonomy":"category","embeddable":true,"href":"https:\/\/armstrongyregion.com.ar\/diario\/wp-json\/wp\/v2\/categories?post=39378"},{"taxonomy":"post_tag","embeddable":true,"href":"https:\/\/armstrongyregion.com.ar\/diario\/wp-json\/wp\/v2\/tags?post=39378"}],"curies":[{"name":"wp","href":"https:\/\/api.w.org\/{rel}","templated":true}]}}