{"id":39372,"date":"2023-07-11T01:20:13","date_gmt":"2023-07-11T01:20:13","guid":{"rendered":"https:\/\/armstrongyregion.com.ar\/diario\/?p=39372"},"modified":"2023-07-11T01:20:14","modified_gmt":"2023-07-11T01:20:14","slug":"cuenta-regresiva-vacaciones-de-invierno-2023","status":"publish","type":"post","link":"https:\/\/armstrongyregion.com.ar\/diario\/cuenta-regresiva-vacaciones-de-invierno-2023\/","title":{"rendered":"Cuenta regresiva, vacaciones de invierno 2023."},"content":{"rendered":"\n<figure class=\"wp-block-image size-full\"><a href=\"http:\/\/armstrongyregion.com.ar\/diario\/wp-content\/uploads\/2023\/07\/vacas_de_invierno.jpg\"><img loading=\"lazy\" decoding=\"async\" width=\"512\" height=\"366\" src=\"http:\/\/armstrongyregion.com.ar\/diario\/wp-content\/uploads\/2023\/07\/vacas_de_invierno.jpg\" alt=\"\" class=\"wp-image-39373\" srcset=\"https:\/\/armstrongyregion.com.ar\/diario\/wp-content\/uploads\/2023\/07\/vacas_de_invierno.jpg 512w, https:\/\/armstrongyregion.com.ar\/diario\/wp-content\/uploads\/2023\/07\/vacas_de_invierno-300x214.jpg 300w\" sizes=\"auto, (max-width: 512px) 100vw, 512px\" \/><\/a><\/figure>\n\n\n\n<h2 class=\"wp-block-heading\">La<strong>\u00a0Municipalidad de Armstrong invita a toda la familia, especialmente a los m\u00e1s peque\u00f1os, a participar de las fant\u00e1sticas propuestas previstas para las pr\u00f3ximas vacaciones de invierno 2023 con el siguiente cronograma:<\/strong><\/h2>\n\n\n\n<ul class=\"wp-block-list\">\n<li>Mi\u00e9rcoles 19\/07: Taller de Pop Up. 14:30 hs. Parque Bracito Fuerte.<\/li>\n\n\n\n<li>Jueves 20\/07: Teatro musical \u201cPedro y el lobo\u201d. 15:30 hs. Sala Iris Marga, Club Norte.<\/li>\n\n\n\n<li>Viernes 21\/07: Estaci\u00f3n Arte. 14 hs. En Estaci\u00f3n Arte.<\/li>\n\n\n\n<li>S\u00e1bado 22\/07: Shows con personajes: Toy Story. 14 hs. Parque Bracito Fuerte.<\/li>\n\n\n\n<li>Domingo 23\/07: Shows con personajes: Mario Bros. 14 hs. Parque Bracito Fuerte.<\/li>\n\n\n\n<li>Jueves 27\/07: Estaci\u00f3n Arte. 14:30 hs. En Estaci\u00f3n Arte.<\/li>\n\n\n\n<li>S\u00e1bado 29\/07: Shows con personajes: Mickey Mouse. 14 hs. Parque Bracito Fuerte.<\/li>\n\n\n\n<li>Domingo 30\/07: Shows con personajes: Marvel. 14 hs. Parque Bracito Fuerte.<\/li>\n<\/ul>\n\n\n\n<p>Todas las actividades son con entrada libre y gratuita.<\/p>\n","protected":false},"excerpt":{"rendered":"<p>La\u00a0Municipalidad de Armstrong invita a toda la familia, especialmente a los m\u00e1s peque\u00f1os, a participar de las fant\u00e1sticas propuestas previstas para las pr\u00f3ximas vacaciones de invierno 2023 con el siguiente cronograma: Todas las actividades son con entrada libre y gratuita.<\/p>\n","protected":false},"author":1,"featured_media":39373,"comment_status":"open","ping_status":"open","sticky":false,"template":"","format":"image","meta":{"_jetpack_memberships_contains_paid_content":false,"footnotes":"","jetpack_publicize_message":"","jetpack_publicize_feature_enabled":true,"jetpack_social_post_already_shared":true,"jetpack_social_options":{"image_generator_settings":{"template":"highway","default_image_id":0,"enabled":false},"version":2}},"categories":[6,8,1,2,7,3],"tags":[8751,2363,9590,4249,609],"class_list":["post-39372","post","type-post","status-publish","format-image","has-post-thumbnail","hentry","category-cultura-entretenimiento","category-deliberando","category-diario-armstrong","category-locales","category-politica","category-region","tag-8751","tag-cuenta","tag-invierno-2","tag-regresiva","tag-vacaciones","post_format-post-format-image"],"jetpack_publicize_connections":[],"jetpack_featured_media_url":"https:\/\/armstrongyregion.com.ar\/diario\/wp-content\/uploads\/2023\/07\/vacas_de_invierno.jpg","jetpack_shortlink":"https:\/\/wp.me\/p62QDO-af2","jetpack_sharing_enabled":true,"amp_enabled":true,"_links":{"self":[{"href":"https:\/\/armstrongyregion.com.ar\/diario\/wp-json\/wp\/v2\/posts\/39372","targetHints":{"allow":["GET"]}}],"collection":[{"href":"https:\/\/armstrongyregion.com.ar\/diario\/wp-json\/wp\/v2\/posts"}],"about":[{"href":"https:\/\/armstrongyregion.com.ar\/diario\/wp-json\/wp\/v2\/types\/post"}],"author":[{"embeddable":true,"href":"https:\/\/armstrongyregion.com.ar\/diario\/wp-json\/wp\/v2\/users\/1"}],"replies":[{"embeddable":true,"href":"https:\/\/armstrongyregion.com.ar\/diario\/wp-json\/wp\/v2\/comments?post=39372"}],"version-history":[{"count":1,"href":"https:\/\/armstrongyregion.com.ar\/diario\/wp-json\/wp\/v2\/posts\/39372\/revisions"}],"predecessor-version":[{"id":39374,"href":"https:\/\/armstrongyregion.com.ar\/diario\/wp-json\/wp\/v2\/posts\/39372\/revisions\/39374"}],"wp:featuredmedia":[{"embeddable":true,"href":"https:\/\/armstrongyregion.com.ar\/diario\/wp-json\/wp\/v2\/media\/39373"}],"wp:attachment":[{"href":"https:\/\/armstrongyregion.com.ar\/diario\/wp-json\/wp\/v2\/media?parent=39372"}],"wp:term":[{"taxonomy":"category","embeddable":true,"href":"https:\/\/armstrongyregion.com.ar\/diario\/wp-json\/wp\/v2\/categories?post=39372"},{"taxonomy":"post_tag","embeddable":true,"href":"https:\/\/armstrongyregion.com.ar\/diario\/wp-json\/wp\/v2\/tags?post=39372"}],"curies":[{"name":"wp","href":"https:\/\/api.w.org\/{rel}","templated":true}]}}