{"id":39369,"date":"2023-07-11T01:16:38","date_gmt":"2023-07-11T01:16:38","guid":{"rendered":"https:\/\/armstrongyregion.com.ar\/diario\/?p=39369"},"modified":"2023-07-11T01:16:41","modified_gmt":"2023-07-11T01:16:41","slug":"se-presento-oficialmente-el-maraton-delfo-cabrera","status":"publish","type":"post","link":"https:\/\/armstrongyregion.com.ar\/diario\/se-presento-oficialmente-el-maraton-delfo-cabrera\/","title":{"rendered":"Se present\u00f3 oficialmente el Marat\u00f3n Delfo Cabrera."},"content":{"rendered":"\n<figure class=\"wp-block-image size-full\"><a href=\"http:\/\/armstrongyregion.com.ar\/diario\/wp-content\/uploads\/2023\/07\/maraton1.jpg\"><img loading=\"lazy\" decoding=\"async\" width=\"675\" height=\"450\" src=\"http:\/\/armstrongyregion.com.ar\/diario\/wp-content\/uploads\/2023\/07\/maraton1.jpg\" alt=\"\" class=\"wp-image-39370\" srcset=\"https:\/\/armstrongyregion.com.ar\/diario\/wp-content\/uploads\/2023\/07\/maraton1.jpg 675w, https:\/\/armstrongyregion.com.ar\/diario\/wp-content\/uploads\/2023\/07\/maraton1-300x200.jpg 300w\" sizes=\"auto, (max-width: 675px) 100vw, 675px\" \/><\/a><\/figure>\n\n\n\n<h2 class=\"wp-block-heading\"><strong>El pasado jueves 6 de julio en el auditorio Delmo Dar\u00f3, se present\u00f3 de manera oficial la Media Marat\u00f3n Delfo Cabrera, a 30 d\u00edas de su realizaci\u00f3n N\u00b0 19, un evento que enorgullece a todos los armstronenses.<\/strong><\/h2>\n\n\n\n<p>En la oportunidad se present\u00f3 la hermosa remera que se entregar\u00e1 a los participantes de la edici\u00f3n 2023 y se brindaron detalles de la competencia.<\/p>\n\n\n\n<p>Organizado por la Municipalidad de Armstrong y fiscalizado por la Asociaci\u00f3n Rosarina de Atletismo (A.R.D.A.), la largada ser\u00e1 a las 9 hs. en Plaza Flotron, por calle Fischer entre H. Irigoyen y Lisandro de la Torre.<\/p>\n\n\n\n<p>El circuito callejero estar\u00e1 marcado, se\u00f1alizado, con banderilleros y fiscalizadores en todo su trayecto.&nbsp;<\/p>\n\n\n\n<figure class=\"wp-block-image\"><img decoding=\"async\" src=\"https:\/\/www.armstrong.gov.ar\/images\/articulos2023\/maraton2.jpg\" alt=\"\"\/><\/figure>\n\n\n\n<p>A partir de este a\u00f1o, las distancias competitivas de 10K y 21K son certificadas, mientras que el circuito integrativo no competitivo ser\u00e1 de 6 k.<\/p>\n\n\n\n<p>Se ofrecer\u00e1 hidrataci\u00f3n cada 3,5 km., y para los atletas competitivos habr\u00e1 bebida isot\u00f3nica y nutrientes en la llegada.<\/p>\n\n\n\n<p>Tambi\u00e9n se entregar\u00e1n medallas y premios del 1\u00b0 al 5\u00b0 de cada categor\u00eda, damas y caballeros. Premios en efectivo en la general, del 1\u00b0 al 5\u00b0 tanto en damas como en caballeros, a saber:<\/p>\n\n\n\n<p>10 k: 1\u00b0 $ 30.000; 2\u00b0 $ 20.000; 3\u00b0 $ 15.000; 4\u00b0 $ 10.000; 5\u00b0 $ 7.000.-<\/p>\n\n\n\n<p>21 K: 1\u00b0 $ 50.000; 2\u00b0 $ 35.000; 3\u00b0 $ 22.000; 4\u00b0 $ 16.000; 5\u00b0 $ 10.000.-<\/p>\n\n\n\n<p>Y contin\u00faa en disputa la Copa Challenger, tambi\u00e9n para damas y caballeros.<\/p>\n\n\n\n<p>Los kits est\u00e1n compuestos por remera, n\u00famero del corredor y chips. Los mismos se podr\u00e1n retirar el d\u00eda s\u00e1bado 5 en Plaza Flotron, de 15 a 18 hs., y el mismo domingo.<\/p>\n\n\n\n<p>Habr\u00e1 guardarropas sin cargo para los atletas.<\/p>\n\n\n\n<figure class=\"wp-block-image\"><img decoding=\"async\" src=\"https:\/\/www.armstrong.gov.ar\/images\/articulos2023\/maraton3.jpg\" alt=\"\"\/><\/figure>\n\n\n\n<p>Las inscripciones de 10k y 21k se realizan a trav\u00e9s de&nbsp;<a href=\"http:\/\/www.eventick.com.ar\/\">www.eventick.com.ar<\/a>&nbsp;hasta el mi\u00e9rcoles 2 de agosto a las 23:59 hs., luego se podr\u00e1n inscribir en el municipio, tambi\u00e9n en Plaza Flotron el s\u00e1bado 5 de 10 a 18 hs, y el mismo domingo 6 hasta una hora antes de la largada.<\/p>\n\n\n\n<p>Quienes deseen participar de la prueba de los 6 k. pueden inscribirse en mesa de entrada del municipio, en los gimnasios y escuelas de la ciudad.<\/p>\n\n\n\n<p>Los sponsors de esta edici\u00f3n son CADAL, Olivero OnLine, Tarjeta Valor y Arsemet.<\/p>\n","protected":false},"excerpt":{"rendered":"<p>El pasado jueves 6 de julio en el auditorio Delmo Dar\u00f3, se present\u00f3 de manera oficial la Media Marat\u00f3n Delfo Cabrera, a 30 d\u00edas de su realizaci\u00f3n N\u00b0 19, un evento que enorgullece a todos los armstronenses. En la oportunidad se present\u00f3 la hermosa remera que se entregar\u00e1 a los participantes de la edici\u00f3n 2023 <a href=\"https:\/\/armstrongyregion.com.ar\/diario\/se-presento-oficialmente-el-maraton-delfo-cabrera\/\" title=\"Read more\" >&#8230;<\/a><\/p>\n","protected":false},"author":1,"featured_media":39370,"comment_status":"open","ping_status":"open","sticky":false,"template":"","format":"image","meta":{"_jetpack_memberships_contains_paid_content":false,"footnotes":"","jetpack_publicize_message":"","jetpack_publicize_feature_enabled":true,"jetpack_social_post_already_shared":true,"jetpack_social_options":{"image_generator_settings":{"template":"highway","default_image_id":0,"enabled":false},"version":2}},"categories":[6,8,5,1,2,3],"tags":[20,9565,1563,9589,25,86],"class_list":["post-39369","post","type-post","status-publish","format-image","has-post-thumbnail","hentry","category-cultura-entretenimiento","category-deliberando","category-deportes","category-diario-armstrong","category-locales","category-region","tag-armstrong","tag-cabrera-2","tag-delfo","tag-maraton-3","tag-presento","tag-se","post_format-post-format-image"],"jetpack_publicize_connections":[],"jetpack_featured_media_url":"https:\/\/armstrongyregion.com.ar\/diario\/wp-content\/uploads\/2023\/07\/maraton1.jpg","jetpack_shortlink":"https:\/\/wp.me\/p62QDO-aeZ","jetpack_sharing_enabled":true,"amp_enabled":true,"_links":{"self":[{"href":"https:\/\/armstrongyregion.com.ar\/diario\/wp-json\/wp\/v2\/posts\/39369","targetHints":{"allow":["GET"]}}],"collection":[{"href":"https:\/\/armstrongyregion.com.ar\/diario\/wp-json\/wp\/v2\/posts"}],"about":[{"href":"https:\/\/armstrongyregion.com.ar\/diario\/wp-json\/wp\/v2\/types\/post"}],"author":[{"embeddable":true,"href":"https:\/\/armstrongyregion.com.ar\/diario\/wp-json\/wp\/v2\/users\/1"}],"replies":[{"embeddable":true,"href":"https:\/\/armstrongyregion.com.ar\/diario\/wp-json\/wp\/v2\/comments?post=39369"}],"version-history":[{"count":1,"href":"https:\/\/armstrongyregion.com.ar\/diario\/wp-json\/wp\/v2\/posts\/39369\/revisions"}],"predecessor-version":[{"id":39371,"href":"https:\/\/armstrongyregion.com.ar\/diario\/wp-json\/wp\/v2\/posts\/39369\/revisions\/39371"}],"wp:featuredmedia":[{"embeddable":true,"href":"https:\/\/armstrongyregion.com.ar\/diario\/wp-json\/wp\/v2\/media\/39370"}],"wp:attachment":[{"href":"https:\/\/armstrongyregion.com.ar\/diario\/wp-json\/wp\/v2\/media?parent=39369"}],"wp:term":[{"taxonomy":"category","embeddable":true,"href":"https:\/\/armstrongyregion.com.ar\/diario\/wp-json\/wp\/v2\/categories?post=39369"},{"taxonomy":"post_tag","embeddable":true,"href":"https:\/\/armstrongyregion.com.ar\/diario\/wp-json\/wp\/v2\/tags?post=39369"}],"curies":[{"name":"wp","href":"https:\/\/api.w.org\/{rel}","templated":true}]}}