{"id":39354,"date":"2023-07-10T02:41:46","date_gmt":"2023-07-10T02:41:46","guid":{"rendered":"https:\/\/armstrongyregion.com.ar\/diario\/?p=39354"},"modified":"2023-07-10T02:41:49","modified_gmt":"2023-07-10T02:41:49","slug":"%f0%9d%90%8d%f0%9d%90%8e-%f0%9d%90%8c%f0%9d%90%84-%f0%9d%90%95%f0%9d%90%80%f0%9d%90%8d-%f0%9d%90%80-%f0%9d%90%84%f0%9d%90%8d%f0%9d%90%82%f0%9d%90%8e%f0%9d%90%8d%f0%9d%90%93%f0%9d%90%91","status":"publish","type":"post","link":"https:\/\/armstrongyregion.com.ar\/diario\/%f0%9d%90%8d%f0%9d%90%8e-%f0%9d%90%8c%f0%9d%90%84-%f0%9d%90%95%f0%9d%90%80%f0%9d%90%8d-%f0%9d%90%80-%f0%9d%90%84%f0%9d%90%8d%f0%9d%90%82%f0%9d%90%8e%f0%9d%90%8d%f0%9d%90%93%f0%9d%90%91\/","title":{"rendered":"\u201c\ud835\udc0d\ud835\udc0e \ud835\udc0c\ud835\udc04 \ud835\udc15\ud835\udc00\ud835\udc0d \ud835\udc00 \ud835\udc04\ud835\udc0d\ud835\udc02\ud835\udc0e\ud835\udc0d\ud835\udc13\ud835\udc11\ud835\udc00\ud835\udc11 \ud835\udc02\ud835\udc11\ud835\udc08\ud835\udc13\ud835\udc08\ud835\udc02\ud835\udc00\ud835\udc0d\ud835\udc03\ud835\udc0e \ud835\udc02\u00d3\ud835\udc0c\ud835\udc0e \ud835\udc12\ud835\udc04 \ud835\udc07\ud835\udc00\ud835\udc02\ud835\udc04\ud835\udc0d \ud835\udc0b\ud835\udc00\ud835\udc12 \ud835\udc02\ud835\udc0e\ud835\udc12\ud835\udc00\ud835\udc12, \ud835\udc0c\ud835\udc04 \ud835\udc15\ud835\udc00\ud835\udc0d \ud835\udc00 \ud835\udc04\ud835\udc0d\ud835\udc02\ud835\udc0e\ud835\udc0d\ud835\udc13\ud835\udc11\ud835\udc00\ud835\udc11 \ud835\udc13\ud835\udc11\ud835\udc00\ud835\udc01\ud835\udc00\ud835\udc09\ud835\udc00\ud835\udc0d\ud835\udc03\ud835\udc0e \ud835\udc0f\ud835\udc00\ud835\udc11\ud835\udc00 \ud835\udc02\ud835\udc00\ud835\udc0c\ud835\udc01\ud835\udc08\ud835\udc00\ud835\udc11\ud835\udc0b\ud835\udc00\ud835\udc12\u201d"},"content":{"rendered":"\n<figure class=\"wp-block-image size-full\"><a href=\"http:\/\/armstrongyregion.com.ar\/diario\/wp-content\/uploads\/2023\/07\/emiliano_gramigna_foto_junio-23-1.jpg\"><img loading=\"lazy\" decoding=\"async\" width=\"603\" height=\"454\" src=\"http:\/\/armstrongyregion.com.ar\/diario\/wp-content\/uploads\/2023\/07\/emiliano_gramigna_foto_junio-23-1.jpg\" alt=\"\" class=\"wp-image-39355\" srcset=\"https:\/\/armstrongyregion.com.ar\/diario\/wp-content\/uploads\/2023\/07\/emiliano_gramigna_foto_junio-23-1.jpg 603w, https:\/\/armstrongyregion.com.ar\/diario\/wp-content\/uploads\/2023\/07\/emiliano_gramigna_foto_junio-23-1-300x226.jpg 300w\" sizes=\"auto, (max-width: 603px) 100vw, 603px\" \/><\/a><\/figure>\n\n\n\n<p><strong>As\u00ed se refiri\u00f3 el Concejal y Precandidato Emiliano Gramigna al consultarle c\u00f3mo se perfila el \u00faltimo tramo de campa\u00f1a de cara a las PASO del pr\u00f3ximo 16 de julio.<\/strong><\/p>\n\n\n\n<p><strong>\u201cDesde nuestro espacio hacemos un trabajo en cuanto a proyectos y gesti\u00f3n que se sostiene en el tiempo, logramos muchos de ellos y a\u00fan tenemos como horizonte lograr muchos m\u00e1s\u201d.<\/strong><\/p>\n\n\n\n<p>\u201cEn cuanto a gesti\u00f3n, el helic\u00f3ptero sanitario, la oficina de defensa del consumidor, la asistencia para personas con enfermedades cr\u00f3nicas y oncol\u00f3gicas, la gesti\u00f3n para la segunda etapa de cloacas, son el fruto de un fuerte y comprometido trabajo por parte del equipo de Renovaci\u00f3n por Armstrong\u201d expres\u00f3 Gramigna.<\/p>\n\n\n\n<p>De la misma forma trabajamos junto a emprendedores y empresas locales, gestionando y acercando herramientas para el desarrollo competitivo.<\/p>\n\n\n\n<p>Sabemos que Armstrong integra uno de los polos productivos m\u00e1s importantes del pa\u00eds, por eso tenemos claro que acompa\u00f1ar a las industrias es fundamental para el crecimiento y sostenimiento del sector como fuente de trabajo para nuestros ciudadanos.<\/p>\n\n\n\n<p>Adem\u00e1s agreg\u00f3 \u201crecorrer la ciudad, las instituciones, los clubes y las escuelas es algo que hacemos constantemente y es de ah\u00ed que salieron grandes proyectos como es el Centro de Apoyo Escolar Municipal, el \u00c1rea de Protecci\u00f3n de la Salud Mental, Ente Municipal de Transporte Urbano y lo que va a ser el Proyecto de Fondo de Asistencia Deportiva para fortalecer los Clubes\u201d.<\/p>\n\n\n\n<p>Para terminar expres\u00f3, \u201cnuestro trabajo es sostenido durante todo el a\u00f1o, no solo en \u00e9poca electoral\u201d.<\/p>\n","protected":false},"excerpt":{"rendered":"<p>As\u00ed se refiri\u00f3 el Concejal y Precandidato Emiliano Gramigna al consultarle c\u00f3mo se perfila el \u00faltimo tramo de campa\u00f1a de cara a las PASO del pr\u00f3ximo 16 de julio. \u201cDesde nuestro espacio hacemos un trabajo en cuanto a proyectos y gesti\u00f3n que se sostiene en el tiempo, logramos muchos de ellos y a\u00fan tenemos como <a href=\"https:\/\/armstrongyregion.com.ar\/diario\/%f0%9d%90%8d%f0%9d%90%8e-%f0%9d%90%8c%f0%9d%90%84-%f0%9d%90%95%f0%9d%90%80%f0%9d%90%8d-%f0%9d%90%80-%f0%9d%90%84%f0%9d%90%8d%f0%9d%90%82%f0%9d%90%8e%f0%9d%90%8d%f0%9d%90%93%f0%9d%90%91\/\" title=\"Read more\" >&#8230;<\/a><\/p>\n","protected":false},"author":1,"featured_media":39355,"comment_status":"open","ping_status":"open","sticky":false,"template":"","format":"image","meta":{"_jetpack_memberships_contains_paid_content":false,"footnotes":"","jetpack_publicize_message":"","jetpack_publicize_feature_enabled":true,"jetpack_social_post_already_shared":true,"jetpack_social_options":{"image_generator_settings":{"template":"highway","default_image_id":0,"enabled":false},"version":2}},"categories":[8,1,2,7,3],"tags":[572,1246,4147,9579,979,9580,23,924,96],"class_list":["post-39354","post","type-post","status-publish","format-image","has-post-thumbnail","hentry","category-deliberando","category-diario-armstrong","category-locales","category-politica","category-region","tag-como","tag-cosas","tag-criticando","tag-encontrar","tag-gramigna","tag-hacen","tag-las","tag-me","tag-no","post_format-post-format-image"],"jetpack_publicize_connections":[],"jetpack_featured_media_url":"https:\/\/armstrongyregion.com.ar\/diario\/wp-content\/uploads\/2023\/07\/emiliano_gramigna_foto_junio-23-1.jpg","jetpack_shortlink":"https:\/\/wp.me\/p62QDO-aeK","jetpack_sharing_enabled":true,"amp_enabled":true,"_links":{"self":[{"href":"https:\/\/armstrongyregion.com.ar\/diario\/wp-json\/wp\/v2\/posts\/39354","targetHints":{"allow":["GET"]}}],"collection":[{"href":"https:\/\/armstrongyregion.com.ar\/diario\/wp-json\/wp\/v2\/posts"}],"about":[{"href":"https:\/\/armstrongyregion.com.ar\/diario\/wp-json\/wp\/v2\/types\/post"}],"author":[{"embeddable":true,"href":"https:\/\/armstrongyregion.com.ar\/diario\/wp-json\/wp\/v2\/users\/1"}],"replies":[{"embeddable":true,"href":"https:\/\/armstrongyregion.com.ar\/diario\/wp-json\/wp\/v2\/comments?post=39354"}],"version-history":[{"count":1,"href":"https:\/\/armstrongyregion.com.ar\/diario\/wp-json\/wp\/v2\/posts\/39354\/revisions"}],"predecessor-version":[{"id":39356,"href":"https:\/\/armstrongyregion.com.ar\/diario\/wp-json\/wp\/v2\/posts\/39354\/revisions\/39356"}],"wp:featuredmedia":[{"embeddable":true,"href":"https:\/\/armstrongyregion.com.ar\/diario\/wp-json\/wp\/v2\/media\/39355"}],"wp:attachment":[{"href":"https:\/\/armstrongyregion.com.ar\/diario\/wp-json\/wp\/v2\/media?parent=39354"}],"wp:term":[{"taxonomy":"category","embeddable":true,"href":"https:\/\/armstrongyregion.com.ar\/diario\/wp-json\/wp\/v2\/categories?post=39354"},{"taxonomy":"post_tag","embeddable":true,"href":"https:\/\/armstrongyregion.com.ar\/diario\/wp-json\/wp\/v2\/tags?post=39354"}],"curies":[{"name":"wp","href":"https:\/\/api.w.org\/{rel}","templated":true}]}}