{"id":39348,"date":"2023-07-10T02:19:29","date_gmt":"2023-07-10T02:19:29","guid":{"rendered":"https:\/\/armstrongyregion.com.ar\/diario\/?p=39348"},"modified":"2023-07-10T02:19:34","modified_gmt":"2023-07-10T02:19:34","slug":"verdecchia-encabezo-el-acto-por-el-dia-de-la-independencia","status":"publish","type":"post","link":"https:\/\/armstrongyregion.com.ar\/diario\/verdecchia-encabezo-el-acto-por-el-dia-de-la-independencia\/","title":{"rendered":"Verdecchia encabe<strong>z<\/strong>\u00f3 el acto por el D\u00eda de la Independencia."},"content":{"rendered":"\n<figure class=\"wp-block-image size-full\"><a href=\"http:\/\/armstrongyregion.com.ar\/diario\/wp-content\/uploads\/2023\/07\/ACTO-1-.jpg\"><img loading=\"lazy\" decoding=\"async\" width=\"439\" height=\"282\" src=\"http:\/\/armstrongyregion.com.ar\/diario\/wp-content\/uploads\/2023\/07\/ACTO-1-.jpg\" alt=\"\" class=\"wp-image-39349\" srcset=\"https:\/\/armstrongyregion.com.ar\/diario\/wp-content\/uploads\/2023\/07\/ACTO-1-.jpg 439w, https:\/\/armstrongyregion.com.ar\/diario\/wp-content\/uploads\/2023\/07\/ACTO-1--300x193.jpg 300w\" sizes=\"auto, (max-width: 439px) 100vw, 439px\" \/><\/a><\/figure>\n\n\n\n<p>Debido a las inclemencias del tiempo, el acto por el D\u00eda de la Independencia se realiz\u00f3 en la Estaci\u00f3n MAS.<\/p>\n\n\n\n<figure class=\"wp-block-image size-full\"><a href=\"http:\/\/armstrongyregion.com.ar\/diario\/wp-content\/uploads\/2023\/07\/ACTO-2-.jpg\"><img loading=\"lazy\" decoding=\"async\" width=\"416\" height=\"282\" src=\"http:\/\/armstrongyregion.com.ar\/diario\/wp-content\/uploads\/2023\/07\/ACTO-2-.jpg\" alt=\"\" class=\"wp-image-39350\" srcset=\"https:\/\/armstrongyregion.com.ar\/diario\/wp-content\/uploads\/2023\/07\/ACTO-2-.jpg 416w, https:\/\/armstrongyregion.com.ar\/diario\/wp-content\/uploads\/2023\/07\/ACTO-2--300x203.jpg 300w\" sizes=\"auto, (max-width: 416px) 100vw, 416px\" \/><\/a><\/figure>\n\n\n\n<p>El intendente Dr. Pablo Verdecchia agradeci\u00f3 a todos los presentes y expres\u00f3 en su discurso:<\/p>\n\n\n\n<figure class=\"wp-block-image size-full\"><a href=\"http:\/\/armstrongyregion.com.ar\/diario\/wp-content\/uploads\/2023\/07\/ACTO-3-.jpg\"><img loading=\"lazy\" decoding=\"async\" width=\"500\" height=\"282\" src=\"http:\/\/armstrongyregion.com.ar\/diario\/wp-content\/uploads\/2023\/07\/ACTO-3-.jpg\" alt=\"\" class=\"wp-image-39351\" srcset=\"https:\/\/armstrongyregion.com.ar\/diario\/wp-content\/uploads\/2023\/07\/ACTO-3-.jpg 500w, https:\/\/armstrongyregion.com.ar\/diario\/wp-content\/uploads\/2023\/07\/ACTO-3--300x169.jpg 300w\" sizes=\"auto, (max-width: 500px) 100vw, 500px\" \/><\/a><\/figure>\n\n\n\n<p>\u201cHoy celebramos la libertad pero entendida como sin\u00f3nimo de respeto; uni\u00f3n y compromiso de todo el pueblo argentino. Libertad entendida en los valores y la memoria de quienes fundaron nuestra patria; de quienes nos dieron la oportunidad de asumir esta enorme y valiosa responsabilidad de ser libres, libres de quienes quieren dividir y confundir porque prefieren sostener sus privilegios e intereses personales por encima del bienestar general, libres de quienes nos quieren hacer creer que el que piensa diferente es un enemigo; de quienes repiten valent\u00eda, coraje. moral y \u00e9tica como slogan de moda y no como valores inclaudicables de nuestra sociedad\u201d\u2026<\/p>\n\n\n\n<figure class=\"wp-block-image size-full\"><a href=\"http:\/\/armstrongyregion.com.ar\/diario\/wp-content\/uploads\/2023\/07\/ACTO-4-.jpg\"><img loading=\"lazy\" decoding=\"async\" width=\"500\" height=\"282\" src=\"http:\/\/armstrongyregion.com.ar\/diario\/wp-content\/uploads\/2023\/07\/ACTO-4-.jpg\" alt=\"\" class=\"wp-image-39352\" srcset=\"https:\/\/armstrongyregion.com.ar\/diario\/wp-content\/uploads\/2023\/07\/ACTO-4-.jpg 500w, https:\/\/armstrongyregion.com.ar\/diario\/wp-content\/uploads\/2023\/07\/ACTO-4--300x169.jpg 300w\" sizes=\"auto, (max-width: 500px) 100vw, 500px\" \/><\/a><\/figure>\n\n\n\n<p><\/p>\n\n\n\n<p>\u201cSer libre es una enorme responsabilidad moral y \u00e9tica y es un acto de valent\u00eda a la hora de proceder en nuestra sociedad, es saber que cada causa tiene una consecuencia y cada derecho conlleva una gran responsabilidad c\u00edvica; porque libre no es quien hace lo que quiere, sino quien hace lo que debe hacer, hoy m\u00e1s que nunca sigamos fortaleciendo los valores que marcaron nuestro or\u00edgen y nuestra libertad; con compromiso; mucha educaci\u00f3n y mucha memoria\u201d.<\/p>\n\n\n\n<p>Estuvieron presentes el cuerpo legislativo; instituciones; vecinas y vecinos de la ciudad.<\/p>\n\n\n\n<p>Participaron las comunidades educativas de las escuelas N\u00b0 262 \u201cDomingo Faustino Sarmiento\u201d y N\u00b0 291 \u201cTte. Cnel. Fray Luis Beltr\u00e1n\u201d, y el Ensamble Folcl\u00f3rico del Conservatorio Municipal de M\u00fasica.<\/p>\n\n\n\n<p>Al t\u00e9rmino del acto protocolar, se pudo disfrutar de los espect\u00e1culos del Ensamble Folcl\u00f3rico del Conservatorio Municipal de M\u00fasica, dirigido por el Maestro Cristian Guzm\u00e1n, y los grupos de danzas folcl\u00f3ricas de ni\u00f1os de nuestra ciudad: C. T. El Tropero, Grupo de Danzas Folcl\u00f3ricas Argentinas Francisco Maldonado, y Fundaci\u00f3n Bemba Color\u00e1 con la interpretaci\u00f3n de bailes tradicionales.<\/p>\n\n\n\n<p>En cuanto a m\u00fasicos en vivo, se cont\u00f3 con la presencia de Jes\u00fas Andrada y sus Amigos, Fernando Izaguirre y el cierre estar\u00e1 a cargo del Grupo Adonay.<\/p>\n","protected":false},"excerpt":{"rendered":"<p>Debido a las inclemencias del tiempo, el acto por el D\u00eda de la Independencia se realiz\u00f3 en la Estaci\u00f3n MAS. El intendente Dr. Pablo Verdecchia agradeci\u00f3 a todos los presentes y expres\u00f3 en su discurso: \u201cHoy celebramos la libertad pero entendida como sin\u00f3nimo de respeto; uni\u00f3n y compromiso de todo el pueblo argentino. Libertad entendida <a href=\"https:\/\/armstrongyregion.com.ar\/diario\/verdecchia-encabezo-el-acto-por-el-dia-de-la-independencia\/\" title=\"Read more\" >&#8230;<\/a><\/p>\n","protected":false},"author":1,"featured_media":39349,"comment_status":"open","ping_status":"open","sticky":false,"template":"","format":"image","meta":{"_jetpack_memberships_contains_paid_content":false,"footnotes":"","jetpack_publicize_message":"","jetpack_publicize_feature_enabled":true,"jetpack_social_post_already_shared":true,"jetpack_social_options":{"image_generator_settings":{"template":"highway","default_image_id":0,"enabled":false},"version":2}},"categories":[6,8,1,2,7,3],"tags":[1212,8609,1810,4169,31,9578],"class_list":["post-39348","post","type-post","status-publish","format-image","has-post-thumbnail","hentry","category-cultura-entretenimiento","category-deliberando","category-diario-armstrong","category-locales","category-politica","category-region","tag-acto","tag-dia-2","tag-encabezo","tag-independencia","tag-la","tag-verdeccia","post_format-post-format-image"],"jetpack_publicize_connections":[],"jetpack_featured_media_url":"https:\/\/armstrongyregion.com.ar\/diario\/wp-content\/uploads\/2023\/07\/ACTO-1-.jpg","jetpack_shortlink":"https:\/\/wp.me\/p62QDO-aeE","jetpack_sharing_enabled":true,"amp_enabled":true,"_links":{"self":[{"href":"https:\/\/armstrongyregion.com.ar\/diario\/wp-json\/wp\/v2\/posts\/39348","targetHints":{"allow":["GET"]}}],"collection":[{"href":"https:\/\/armstrongyregion.com.ar\/diario\/wp-json\/wp\/v2\/posts"}],"about":[{"href":"https:\/\/armstrongyregion.com.ar\/diario\/wp-json\/wp\/v2\/types\/post"}],"author":[{"embeddable":true,"href":"https:\/\/armstrongyregion.com.ar\/diario\/wp-json\/wp\/v2\/users\/1"}],"replies":[{"embeddable":true,"href":"https:\/\/armstrongyregion.com.ar\/diario\/wp-json\/wp\/v2\/comments?post=39348"}],"version-history":[{"count":1,"href":"https:\/\/armstrongyregion.com.ar\/diario\/wp-json\/wp\/v2\/posts\/39348\/revisions"}],"predecessor-version":[{"id":39353,"href":"https:\/\/armstrongyregion.com.ar\/diario\/wp-json\/wp\/v2\/posts\/39348\/revisions\/39353"}],"wp:featuredmedia":[{"embeddable":true,"href":"https:\/\/armstrongyregion.com.ar\/diario\/wp-json\/wp\/v2\/media\/39349"}],"wp:attachment":[{"href":"https:\/\/armstrongyregion.com.ar\/diario\/wp-json\/wp\/v2\/media?parent=39348"}],"wp:term":[{"taxonomy":"category","embeddable":true,"href":"https:\/\/armstrongyregion.com.ar\/diario\/wp-json\/wp\/v2\/categories?post=39348"},{"taxonomy":"post_tag","embeddable":true,"href":"https:\/\/armstrongyregion.com.ar\/diario\/wp-json\/wp\/v2\/tags?post=39348"}],"curies":[{"name":"wp","href":"https:\/\/api.w.org\/{rel}","templated":true}]}}