{"id":39345,"date":"2023-07-09T02:56:07","date_gmt":"2023-07-09T02:56:07","guid":{"rendered":"https:\/\/armstrongyregion.com.ar\/diario\/?p=39345"},"modified":"2023-07-09T02:56:09","modified_gmt":"2023-07-09T02:56:09","slug":"clara-garcia-el-16-de-julio-empieza-un-cambio-que-va-a-devolverle-gobierno-a-santa-fe","status":"publish","type":"post","link":"https:\/\/armstrongyregion.com.ar\/diario\/clara-garcia-el-16-de-julio-empieza-un-cambio-que-va-a-devolverle-gobierno-a-santa-fe\/","title":{"rendered":"Clara Garc\u00eda: \u201cEl 16 de julio empieza un cambio que va a devolverle gobierno a Santa Fe\u00bb"},"content":{"rendered":"\n<figure class=\"wp-block-image size-full\"><a href=\"http:\/\/armstrongyregion.com.ar\/diario\/wp-content\/uploads\/2023\/07\/clarita-fein.jpg\"><img loading=\"lazy\" decoding=\"async\" width=\"446\" height=\"296\" src=\"http:\/\/armstrongyregion.com.ar\/diario\/wp-content\/uploads\/2023\/07\/clarita-fein.jpg\" alt=\"\" class=\"wp-image-39346\" srcset=\"https:\/\/armstrongyregion.com.ar\/diario\/wp-content\/uploads\/2023\/07\/clarita-fein.jpg 446w, https:\/\/armstrongyregion.com.ar\/diario\/wp-content\/uploads\/2023\/07\/clarita-fein-300x199.jpg 300w\" sizes=\"auto, (max-width: 446px) 100vw, 446px\" \/><\/a><\/figure>\n\n\n\n<h2 class=\"wp-block-heading\"><em>La precandidata a diputada provincial de la lista Adelante se mostr\u00f3 segura de imponerse en la interna y tambi\u00e9n sobre Perotti: \u201cLe voy a ganar y as\u00ed impedir que se atrinchere en la C\u00e1mara de Diputados. No vamos a dejar que le ponga palos en la rueda a la pr\u00f3xima gesti\u00f3n de Unidos para cambiar Santa Fe, que ser\u00e1 encabezada por M\u00f3nica Fein\u201d.<\/em><\/h2>\n\n\n\n<p>La precandidata a diputada provincial por la lista Adelante (Unidos para cambiar Santa Fe) Clara Garc\u00eda afirm\u00f3 que \u201cel 16 de julio empieza el cambio en Santa Fe porque se elige a quien va a enfrentar a Omar Perotti; a quien va a ponerle freno a esta manera de gobernar sin di\u00e1logo y trazando una l\u00ednea entre los municipios y comunas que le respond\u00edan y los que no a la hora de asignar recursos, presupuestos, proyectos, obras. Solo perjudic\u00f3 a la gente. Estoy convencida de que le voy a ganar y as\u00ed impedir que se atrinchere en la C\u00e1mara de Diputados: No vamos a dejar que le ponga palos en la rueda a la pr\u00f3xima gesti\u00f3n de Unidos para cambiar Santa Fe, que va a estar encabezada por M\u00f3nica Fein\u201d, afirm\u00f3, en referencia a la precandidata a gobernadora del sector.&nbsp;<\/p>\n\n\n\n<p>A una semana de las elecciones internas, Garc\u00eda valor\u00f3 \u201cla posibilidad de volver a elegir a quienes queremos que nos representen y defiendan nuestros intereses. Vamos a devolverle un gobierno a Santa Fe\u201d y remarc\u00f3: \u201cNosotros fuimos la voz que marc\u00f3 cada una de las falencias del este gobierno mientras algunos se fueron a su casa y otros se instalaron en un cargo a Buenos Aires\u201d.&nbsp;<\/p>\n\n\n\n<p>En ese marco, insisti\u00f3 en el valor de \u201chacer pol\u00edtica en el territorio, de cara a la gente, banc\u00e1ndonos lo que la gente tenga que decir y despu\u00e9s buscar una soluci\u00f3n. Yo vengo de esa escuela, la de Hermes y Miguel\u201d.<\/p>\n\n\n\n<p>\u201cPara hacer de Santa Fe una sola provincia \u2013enfatiz\u00f3- hay que recorrerla permanentemente y hablar desde con una directora de escuela de Los Amores en el l\u00edmite con Chaco, hasta con un productor de Rufino, un tambero de la cuenca lechera, un presidente comunal de la zona costera, y al mismo tiempo, entender la complejidad de los grandes n\u00facleos urbanos. Hay que ir, hay que estar. Perotti pas\u00f3 estos casi cuatro a\u00f1os de gesti\u00f3n encerrado en su despacho de la capital provincial; tambi\u00e9n sus ministros porque ninguno se ha destacado por trajinar las rutas provinciales\u201d, se\u00f1al\u00f3.<\/p>\n\n\n\n<p>La precandidata de la lista Adelante tambi\u00e9n se refiri\u00f3 en tono cr\u00edtico a las internas que no cesan al interior del propio sector por estos d\u00edas: \u201cNosotros somos serios y responsables hemos gobernado con aciertos y errores pero hemos liderado un frente durante 12 a\u00f1os y, pese a tener diferencias, nunca tuvimos este nivel de enfrentamiento por respeto a la gente\u201d.&nbsp;<\/p>\n\n\n\n<p>\u201cLos santafesinos y santafesinas merecen que el 99% de nuestro tiempo est\u00e9 dedicado a resolver sus problemas \u2013asever\u00f3 Garc\u00eda-, y que cada candidato explique, como lo ha hecho M\u00f3nica todo este tiempo, c\u00f3mo va a enfrentar la inseguridad, c\u00f3mo va a mejorar la educaci\u00f3n, a garantizar salud de calidad, a recuperar el campo despu\u00e9s de tres a\u00f1os de sequ\u00eda y a la industria, que est\u00e1 tecleando por la inflaci\u00f3n y el cierre de importaciones. Santa Fe. La gente est\u00e1 harta de ver pelear a los pol\u00edticos, mucho m\u00e1s en el marco de una interna presidencial porte\u00f1a\u201d,&nbsp;finaliz\u00f3.<\/p>\n","protected":false},"excerpt":{"rendered":"<p>La precandidata a diputada provincial de la lista Adelante se mostr\u00f3 segura de imponerse en la interna y tambi\u00e9n sobre Perotti: \u201cLe voy a ganar y as\u00ed impedir que se atrinchere en la C\u00e1mara de Diputados. No vamos a dejar que le ponga palos en la rueda a la pr\u00f3xima gesti\u00f3n de Unidos para cambiar <a href=\"https:\/\/armstrongyregion.com.ar\/diario\/clara-garcia-el-16-de-julio-empieza-un-cambio-que-va-a-devolverle-gobierno-a-santa-fe\/\" title=\"Read more\" >&#8230;<\/a><\/p>\n","protected":false},"author":1,"featured_media":39346,"comment_status":"open","ping_status":"open","sticky":false,"template":"","format":"image","meta":{"_jetpack_memberships_contains_paid_content":false,"footnotes":"","jetpack_publicize_message":"","jetpack_publicize_feature_enabled":true,"jetpack_social_post_already_shared":true,"jetpack_social_options":{"image_generator_settings":{"template":"highway","default_image_id":0,"enabled":false},"version":2}},"categories":[6,8,1,2,7,3],"tags":[311,9196,3386,15,77,399,192],"class_list":["post-39345","post","type-post","status-publish","format-image","has-post-thumbnail","hentry","category-cultura-entretenimiento","category-deliberando","category-diario-armstrong","category-locales","category-politica","category-region","tag-cambio","tag-clara-garcia","tag-empieza","tag-en","tag-fe","tag-santa","tag-un","post_format-post-format-image"],"jetpack_publicize_connections":[],"jetpack_featured_media_url":"https:\/\/armstrongyregion.com.ar\/diario\/wp-content\/uploads\/2023\/07\/clarita-fein.jpg","jetpack_shortlink":"https:\/\/wp.me\/p62QDO-aeB","jetpack_sharing_enabled":true,"amp_enabled":true,"_links":{"self":[{"href":"https:\/\/armstrongyregion.com.ar\/diario\/wp-json\/wp\/v2\/posts\/39345","targetHints":{"allow":["GET"]}}],"collection":[{"href":"https:\/\/armstrongyregion.com.ar\/diario\/wp-json\/wp\/v2\/posts"}],"about":[{"href":"https:\/\/armstrongyregion.com.ar\/diario\/wp-json\/wp\/v2\/types\/post"}],"author":[{"embeddable":true,"href":"https:\/\/armstrongyregion.com.ar\/diario\/wp-json\/wp\/v2\/users\/1"}],"replies":[{"embeddable":true,"href":"https:\/\/armstrongyregion.com.ar\/diario\/wp-json\/wp\/v2\/comments?post=39345"}],"version-history":[{"count":1,"href":"https:\/\/armstrongyregion.com.ar\/diario\/wp-json\/wp\/v2\/posts\/39345\/revisions"}],"predecessor-version":[{"id":39347,"href":"https:\/\/armstrongyregion.com.ar\/diario\/wp-json\/wp\/v2\/posts\/39345\/revisions\/39347"}],"wp:featuredmedia":[{"embeddable":true,"href":"https:\/\/armstrongyregion.com.ar\/diario\/wp-json\/wp\/v2\/media\/39346"}],"wp:attachment":[{"href":"https:\/\/armstrongyregion.com.ar\/diario\/wp-json\/wp\/v2\/media?parent=39345"}],"wp:term":[{"taxonomy":"category","embeddable":true,"href":"https:\/\/armstrongyregion.com.ar\/diario\/wp-json\/wp\/v2\/categories?post=39345"},{"taxonomy":"post_tag","embeddable":true,"href":"https:\/\/armstrongyregion.com.ar\/diario\/wp-json\/wp\/v2\/tags?post=39345"}],"curies":[{"name":"wp","href":"https:\/\/api.w.org\/{rel}","templated":true}]}}