{"id":39339,"date":"2023-07-09T02:06:36","date_gmt":"2023-07-09T02:06:36","guid":{"rendered":"https:\/\/armstrongyregion.com.ar\/diario\/?p=39339"},"modified":"2023-07-09T02:06:39","modified_gmt":"2023-07-09T02:06:39","slug":"nueva-ambulancia-para-los-armstronenses","status":"publish","type":"post","link":"https:\/\/armstrongyregion.com.ar\/diario\/nueva-ambulancia-para-los-armstronenses\/","title":{"rendered":"Nueva ambulancia para los armstronenses."},"content":{"rendered":"\n<figure class=\"wp-block-image size-full\"><a href=\"http:\/\/armstrongyregion.com.ar\/diario\/wp-content\/uploads\/2023\/07\/defensa_civil_3.jpg\"><img loading=\"lazy\" decoding=\"async\" width=\"338\" height=\"225\" src=\"http:\/\/armstrongyregion.com.ar\/diario\/wp-content\/uploads\/2023\/07\/defensa_civil_3.jpg\" alt=\"\" class=\"wp-image-39340\" srcset=\"https:\/\/armstrongyregion.com.ar\/diario\/wp-content\/uploads\/2023\/07\/defensa_civil_3.jpg 338w, https:\/\/armstrongyregion.com.ar\/diario\/wp-content\/uploads\/2023\/07\/defensa_civil_3-300x200.jpg 300w\" sizes=\"auto, (max-width: 338px) 100vw, 338px\" \/><\/a><\/figure>\n\n\n\n<h2 class=\"wp-block-heading\">En el marco de la jornada de capacitaci\u00f3n de la Junta Municipal de Defensa Civil, el intendente Pablo Verdecchia present\u00f3 a la comunidad la nueva ambulancia adquirida por el municipio.<\/h2>\n\n\n\n<p>La misma tuvo un costo total de $ 20.200.000. El furg\u00f3n fue comprado a la empresa TRUCKSTORE S.A. de la ciudad de Rosario, mientras que el equipamiento completo para unidad de terapia intensiva (UTIM) nuevo, fue adquirido a la firma FUACE S.A., de CABA (Bs. As.), mediante licitaciones p\u00fablicas 18\/2022 y 19\/2022, respectivamente.<\/p>\n\n\n\n<figure class=\"wp-block-image\"><img decoding=\"async\" src=\"https:\/\/www.armstrong.gov.ar\/images\/articulos2023\/AMBULANCIA2.jpg\" alt=\"\"\/><\/figure>\n\n\n\n<p>\u201cEsta presentaci\u00f3n nos llena de orgullo. Esta nueva unidad reemplazar\u00e1 a las viejas ambulancias. Es una obsesi\u00f3n que tenemos con el tema salud, dentro de la gesti\u00f3n, que tiene que ver con tener mejores unidades, tener todas las herramientas posibles para estar preparados con tecnolog\u00eda de \u00faltima generaci\u00f3n y poder tener, no s\u00f3lo nuestros m\u00e9dicos capacitados del servicio municipal de atenci\u00f3n domiciliaria, S.U.S.A.M.Co., sino que tengan todo lo necesario ante cualquier emergencia\u201d, manifest\u00f3 Verdecchia.<\/p>\n\n\n\n<figure class=\"wp-block-image\"><img decoding=\"async\" src=\"https:\/\/www.armstrong.gov.ar\/images\/articulos2023\/AMBULANCIA3.jpg\" alt=\"\"\/><\/figure>\n\n\n\n<p>Esta nueva ambulancia se suma a un importante parque de ambulancias con las que cuenta la ciudad en su conjunto, contando las unidades de la Cooperativa de Obras y Servicios P\u00fablicos, del S.U.S.A.M.Co., del S.A.M.Co., de Bomberos Voluntarios, todas siempre a disposici\u00f3n y colaborando ante hechos de emergencia.<\/p>\n","protected":false},"excerpt":{"rendered":"<p>En el marco de la jornada de capacitaci\u00f3n de la Junta Municipal de Defensa Civil, el intendente Pablo Verdecchia present\u00f3 a la comunidad la nueva ambulancia adquirida por el municipio. La misma tuvo un costo total de $ 20.200.000. El furg\u00f3n fue comprado a la empresa TRUCKSTORE S.A. de la ciudad de Rosario, mientras que <a href=\"https:\/\/armstrongyregion.com.ar\/diario\/nueva-ambulancia-para-los-armstronenses\/\" title=\"Read more\" >&#8230;<\/a><\/p>\n","protected":false},"author":1,"featured_media":39340,"comment_status":"open","ping_status":"open","sticky":false,"template":"","format":"image","meta":{"_jetpack_memberships_contains_paid_content":false,"footnotes":"","jetpack_publicize_message":"","jetpack_publicize_feature_enabled":true,"jetpack_social_post_already_shared":true,"jetpack_social_options":{"image_generator_settings":{"template":"highway","default_image_id":0,"enabled":false},"version":2}},"categories":[6,8,1,2,7,3],"tags":[2651,8996,42,275,81],"class_list":["post-39339","post","type-post","status-publish","format-image","has-post-thumbnail","hentry","category-cultura-entretenimiento","category-deliberando","category-diario-armstrong","category-locales","category-politica","category-region","tag-ambulancia","tag-armstronenses-2","tag-los","tag-nueva","tag-para","post_format-post-format-image"],"jetpack_publicize_connections":[],"jetpack_featured_media_url":"https:\/\/armstrongyregion.com.ar\/diario\/wp-content\/uploads\/2023\/07\/defensa_civil_3.jpg","jetpack_shortlink":"https:\/\/wp.me\/p62QDO-aev","jetpack_sharing_enabled":true,"amp_enabled":true,"_links":{"self":[{"href":"https:\/\/armstrongyregion.com.ar\/diario\/wp-json\/wp\/v2\/posts\/39339","targetHints":{"allow":["GET"]}}],"collection":[{"href":"https:\/\/armstrongyregion.com.ar\/diario\/wp-json\/wp\/v2\/posts"}],"about":[{"href":"https:\/\/armstrongyregion.com.ar\/diario\/wp-json\/wp\/v2\/types\/post"}],"author":[{"embeddable":true,"href":"https:\/\/armstrongyregion.com.ar\/diario\/wp-json\/wp\/v2\/users\/1"}],"replies":[{"embeddable":true,"href":"https:\/\/armstrongyregion.com.ar\/diario\/wp-json\/wp\/v2\/comments?post=39339"}],"version-history":[{"count":1,"href":"https:\/\/armstrongyregion.com.ar\/diario\/wp-json\/wp\/v2\/posts\/39339\/revisions"}],"predecessor-version":[{"id":39341,"href":"https:\/\/armstrongyregion.com.ar\/diario\/wp-json\/wp\/v2\/posts\/39339\/revisions\/39341"}],"wp:featuredmedia":[{"embeddable":true,"href":"https:\/\/armstrongyregion.com.ar\/diario\/wp-json\/wp\/v2\/media\/39340"}],"wp:attachment":[{"href":"https:\/\/armstrongyregion.com.ar\/diario\/wp-json\/wp\/v2\/media?parent=39339"}],"wp:term":[{"taxonomy":"category","embeddable":true,"href":"https:\/\/armstrongyregion.com.ar\/diario\/wp-json\/wp\/v2\/categories?post=39339"},{"taxonomy":"post_tag","embeddable":true,"href":"https:\/\/armstrongyregion.com.ar\/diario\/wp-json\/wp\/v2\/tags?post=39339"}],"curies":[{"name":"wp","href":"https:\/\/api.w.org\/{rel}","templated":true}]}}