{"id":39329,"date":"2023-07-07T02:01:31","date_gmt":"2023-07-07T02:01:31","guid":{"rendered":"https:\/\/armstrongyregion.com.ar\/diario\/?p=39329"},"modified":"2023-07-07T02:01:34","modified_gmt":"2023-07-07T02:01:34","slug":"armstrong-este-9-de-julio-celebramos-la-independencia","status":"publish","type":"post","link":"https:\/\/armstrongyregion.com.ar\/diario\/armstrong-este-9-de-julio-celebramos-la-independencia\/","title":{"rendered":"Armstrong. Este 9 de julio celebramos la Independencia."},"content":{"rendered":"\n<figure class=\"wp-block-image size-full\"><a href=\"http:\/\/armstrongyregion.com.ar\/diario\/wp-content\/uploads\/2023\/07\/9_DE_JULIO_ACTO.jpg\"><img loading=\"lazy\" decoding=\"async\" width=\"400\" height=\"400\" src=\"http:\/\/armstrongyregion.com.ar\/diario\/wp-content\/uploads\/2023\/07\/9_DE_JULIO_ACTO.jpg\" alt=\"\" class=\"wp-image-39330\" srcset=\"https:\/\/armstrongyregion.com.ar\/diario\/wp-content\/uploads\/2023\/07\/9_DE_JULIO_ACTO.jpg 400w, https:\/\/armstrongyregion.com.ar\/diario\/wp-content\/uploads\/2023\/07\/9_DE_JULIO_ACTO-300x300.jpg 300w, https:\/\/armstrongyregion.com.ar\/diario\/wp-content\/uploads\/2023\/07\/9_DE_JULIO_ACTO-150x150.jpg 150w\" sizes=\"auto, (max-width: 400px) 100vw, 400px\" \/><\/a><\/figure>\n\n\n\n<h2 class=\"wp-block-heading\">La Municipalidad de Armstrong invita al acto oficial por un nuevo aniversario de nuestra Independencia el domingo 9 de julio, a las 14:30 hs. en Plaza San Mart\u00edn.<\/h2>\n\n\n\n<p>Participar\u00e1n las comunidades educativas de las escuelas N\u00b0 262 \u201cDomingo Faustino Sarmiento\u201d y N\u00b0 291 \u201cTte. Cnel. Fray Luis Beltr\u00e1n\u201d, y el Ensamble Folcl\u00f3rico del Conservatorio Municipal de M\u00fasica.<\/p>\n\n\n\n<p>La Patria se viste de celeste y blanco! Se invita a embanderar los edificios.&nbsp;<\/p>\n\n\n\n<p>En caso de lluvia se realizar\u00e1 en la Estaci\u00f3n M\u00e1s.<\/p>\n","protected":false},"excerpt":{"rendered":"<p>La Municipalidad de Armstrong invita al acto oficial por un nuevo aniversario de nuestra Independencia el domingo 9 de julio, a las 14:30 hs. en Plaza San Mart\u00edn. Participar\u00e1n las comunidades educativas de las escuelas N\u00b0 262 \u201cDomingo Faustino Sarmiento\u201d y N\u00b0 291 \u201cTte. Cnel. Fray Luis Beltr\u00e1n\u201d, y el Ensamble Folcl\u00f3rico del Conservatorio Municipal <a href=\"https:\/\/armstrongyregion.com.ar\/diario\/armstrong-este-9-de-julio-celebramos-la-independencia\/\" title=\"Read more\" >&#8230;<\/a><\/p>\n","protected":false},"author":1,"featured_media":39330,"comment_status":"open","ping_status":"open","sticky":false,"template":"","format":"image","meta":{"_jetpack_memberships_contains_paid_content":false,"footnotes":"","jetpack_publicize_message":"","jetpack_publicize_feature_enabled":true,"jetpack_social_post_already_shared":true,"jetpack_social_options":{"image_generator_settings":{"template":"highway","default_image_id":0,"enabled":false},"version":2}},"categories":[6,8,1,2,7,3],"tags":[20,9575,19,162,4169],"class_list":["post-39329","post","type-post","status-publish","format-image","has-post-thumbnail","hentry","category-cultura-entretenimiento","category-deliberando","category-diario-armstrong","category-locales","category-politica","category-region","tag-armstrong","tag-celebramos","tag-de","tag-este","tag-independencia","post_format-post-format-image"],"jetpack_publicize_connections":[],"jetpack_featured_media_url":"https:\/\/armstrongyregion.com.ar\/diario\/wp-content\/uploads\/2023\/07\/9_DE_JULIO_ACTO.jpg","jetpack_shortlink":"https:\/\/wp.me\/p62QDO-ael","jetpack_sharing_enabled":true,"amp_enabled":true,"_links":{"self":[{"href":"https:\/\/armstrongyregion.com.ar\/diario\/wp-json\/wp\/v2\/posts\/39329","targetHints":{"allow":["GET"]}}],"collection":[{"href":"https:\/\/armstrongyregion.com.ar\/diario\/wp-json\/wp\/v2\/posts"}],"about":[{"href":"https:\/\/armstrongyregion.com.ar\/diario\/wp-json\/wp\/v2\/types\/post"}],"author":[{"embeddable":true,"href":"https:\/\/armstrongyregion.com.ar\/diario\/wp-json\/wp\/v2\/users\/1"}],"replies":[{"embeddable":true,"href":"https:\/\/armstrongyregion.com.ar\/diario\/wp-json\/wp\/v2\/comments?post=39329"}],"version-history":[{"count":1,"href":"https:\/\/armstrongyregion.com.ar\/diario\/wp-json\/wp\/v2\/posts\/39329\/revisions"}],"predecessor-version":[{"id":39331,"href":"https:\/\/armstrongyregion.com.ar\/diario\/wp-json\/wp\/v2\/posts\/39329\/revisions\/39331"}],"wp:featuredmedia":[{"embeddable":true,"href":"https:\/\/armstrongyregion.com.ar\/diario\/wp-json\/wp\/v2\/media\/39330"}],"wp:attachment":[{"href":"https:\/\/armstrongyregion.com.ar\/diario\/wp-json\/wp\/v2\/media?parent=39329"}],"wp:term":[{"taxonomy":"category","embeddable":true,"href":"https:\/\/armstrongyregion.com.ar\/diario\/wp-json\/wp\/v2\/categories?post=39329"},{"taxonomy":"post_tag","embeddable":true,"href":"https:\/\/armstrongyregion.com.ar\/diario\/wp-json\/wp\/v2\/tags?post=39329"}],"curies":[{"name":"wp","href":"https:\/\/api.w.org\/{rel}","templated":true}]}}