{"id":39323,"date":"2023-07-07T01:55:08","date_gmt":"2023-07-07T01:55:08","guid":{"rendered":"https:\/\/armstrongyregion.com.ar\/diario\/?p=39323"},"modified":"2023-07-07T01:55:11","modified_gmt":"2023-07-07T01:55:11","slug":"rasetto-lanzo-las-jornadas-de-prevencion-contra-el-bullying-acoso-y-ciberacoso-en-lasescuelas-de-iriondo","status":"publish","type":"post","link":"https:\/\/armstrongyregion.com.ar\/diario\/rasetto-lanzo-las-jornadas-de-prevencion-contra-el-bullying-acoso-y-ciberacoso-en-lasescuelas-de-iriondo\/","title":{"rendered":"Rasetto lanz\u00f3 las jornadas de prevenci\u00f3n contra el bullying, acoso y ciberacoso en las<br>escuelas de Iriondo."},"content":{"rendered":"\n<figure class=\"wp-block-image size-full\"><a href=\"http:\/\/armstrongyregion.com.ar\/diario\/wp-content\/uploads\/2023\/07\/Bullying.jpg\"><img loading=\"lazy\" decoding=\"async\" width=\"512\" height=\"288\" src=\"http:\/\/armstrongyregion.com.ar\/diario\/wp-content\/uploads\/2023\/07\/Bullying.jpg\" alt=\"\" class=\"wp-image-39324\" srcset=\"https:\/\/armstrongyregion.com.ar\/diario\/wp-content\/uploads\/2023\/07\/Bullying.jpg 512w, https:\/\/armstrongyregion.com.ar\/diario\/wp-content\/uploads\/2023\/07\/Bullying-300x169.jpg 300w\" sizes=\"auto, (max-width: 512px) 100vw, 512px\" \/><\/a><\/figure>\n\n\n\n<p>Con el objetivo de prevenir el bullying, acoso y ciberacoso en las escuelas secundarias de<br>Iriondo, el senador Hugo Jes\u00fas Rasetto encabez\u00f3 las primeras jornadas que se dictaron en<br>las instituciones Juan XXIII de Oliveros, Dr. Julio Maiztegui de Pueblo Andino, y H\u00e9roes<br>de Malvinas en Carrizales.<br>El Lic. Ar\u00edstides \u00c1lvarez, presidente de la ONG \u201cSi nos re\u00edmos, nos re\u00edmos todxs\u201d, fue el<br>encargado de brindar las charlas a los alumnos. \u201cEs fundamental generar espacios de<br>di\u00e1logo y reflexi\u00f3n sobre el respeto a la diversidad y la no violencia\u201d, expres\u00f3 el senador.<br>Las jornadas tuvieron el respaldo de los directivos, docentes y alumnos de cada escuela, y<br>en Oliveros, la presencia del presidente comunal, Alfredo Chiminello. Adem\u00e1s, Rasetto<br>indic\u00f3 que se continuar\u00e1n realizando estos encuentros en todas las escuelas secundarias de<br>Iriondo durante las pr\u00f3ximas semanas.<\/p>\n","protected":false},"excerpt":{"rendered":"<p>Con el objetivo de prevenir el bullying, acoso y ciberacoso en las escuelas secundarias deIriondo, el senador Hugo Jes\u00fas Rasetto encabez\u00f3 las primeras jornadas que se dictaron enlas instituciones Juan XXIII de Oliveros, Dr. Julio Maiztegui de Pueblo Andino, y H\u00e9roesde Malvinas en Carrizales.El Lic. Ar\u00edstides \u00c1lvarez, presidente de la ONG \u201cSi nos re\u00edmos, nos <a href=\"https:\/\/armstrongyregion.com.ar\/diario\/rasetto-lanzo-las-jornadas-de-prevencion-contra-el-bullying-acoso-y-ciberacoso-en-lasescuelas-de-iriondo\/\" title=\"Read more\" >&#8230;<\/a><\/p>\n","protected":false},"author":1,"featured_media":39324,"comment_status":"open","ping_status":"open","sticky":false,"template":"","format":"image","meta":{"_jetpack_memberships_contains_paid_content":false,"footnotes":"","jetpack_publicize_message":"","jetpack_publicize_feature_enabled":true,"jetpack_social_post_already_shared":true,"jetpack_social_options":{"image_generator_settings":{"template":"highway","default_image_id":0,"enabled":false},"version":2}},"categories":[8,1,2,7,3],"tags":[8527,9310,19,1523,3649,1573,977,13],"class_list":["post-39323","post","type-post","status-publish","format-image","has-post-thumbnail","hentry","category-deliberando","category-diario-armstrong","category-locales","category-politica","category-region","tag-bullying","tag-ciberacoso","tag-de","tag-jornadas","tag-lanzo","tag-prevencion","tag-rasetto","tag-y","post_format-post-format-image"],"jetpack_publicize_connections":[],"jetpack_featured_media_url":"https:\/\/armstrongyregion.com.ar\/diario\/wp-content\/uploads\/2023\/07\/Bullying.jpg","jetpack_shortlink":"https:\/\/wp.me\/p62QDO-aef","jetpack_sharing_enabled":true,"amp_enabled":true,"_links":{"self":[{"href":"https:\/\/armstrongyregion.com.ar\/diario\/wp-json\/wp\/v2\/posts\/39323","targetHints":{"allow":["GET"]}}],"collection":[{"href":"https:\/\/armstrongyregion.com.ar\/diario\/wp-json\/wp\/v2\/posts"}],"about":[{"href":"https:\/\/armstrongyregion.com.ar\/diario\/wp-json\/wp\/v2\/types\/post"}],"author":[{"embeddable":true,"href":"https:\/\/armstrongyregion.com.ar\/diario\/wp-json\/wp\/v2\/users\/1"}],"replies":[{"embeddable":true,"href":"https:\/\/armstrongyregion.com.ar\/diario\/wp-json\/wp\/v2\/comments?post=39323"}],"version-history":[{"count":1,"href":"https:\/\/armstrongyregion.com.ar\/diario\/wp-json\/wp\/v2\/posts\/39323\/revisions"}],"predecessor-version":[{"id":39325,"href":"https:\/\/armstrongyregion.com.ar\/diario\/wp-json\/wp\/v2\/posts\/39323\/revisions\/39325"}],"wp:featuredmedia":[{"embeddable":true,"href":"https:\/\/armstrongyregion.com.ar\/diario\/wp-json\/wp\/v2\/media\/39324"}],"wp:attachment":[{"href":"https:\/\/armstrongyregion.com.ar\/diario\/wp-json\/wp\/v2\/media?parent=39323"}],"wp:term":[{"taxonomy":"category","embeddable":true,"href":"https:\/\/armstrongyregion.com.ar\/diario\/wp-json\/wp\/v2\/categories?post=39323"},{"taxonomy":"post_tag","embeddable":true,"href":"https:\/\/armstrongyregion.com.ar\/diario\/wp-json\/wp\/v2\/tags?post=39323"}],"curies":[{"name":"wp","href":"https:\/\/api.w.org\/{rel}","templated":true}]}}