{"id":39307,"date":"2023-07-05T22:06:16","date_gmt":"2023-07-05T22:06:16","guid":{"rendered":"https:\/\/armstrongyregion.com.ar\/diario\/?p=39307"},"modified":"2023-07-05T22:06:18","modified_gmt":"2023-07-05T22:06:18","slug":"la-provincia-capacito-a-equipos-de-ninez-en-grooming-ciudadania-digital-y-linea-102","status":"publish","type":"post","link":"https:\/\/armstrongyregion.com.ar\/diario\/la-provincia-capacito-a-equipos-de-ninez-en-grooming-ciudadania-digital-y-linea-102\/","title":{"rendered":"La provincia capacit\u00f3 a equipos de ni\u00f1ez en Grooming, Ciudadan\u00eda Digital y L\u00ednea 102."},"content":{"rendered":"\n<figure class=\"wp-block-table\"><table><tbody><tr><td><\/td><\/tr><\/tbody><\/table><\/figure>\n\n\n\n<figure class=\"wp-block-image size-full\"><a href=\"http:\/\/armstrongyregion.com.ar\/diario\/wp-content\/uploads\/2023\/07\/CAPACITACION-GROOMING-.jpg\"><img loading=\"lazy\" decoding=\"async\" width=\"614\" height=\"327\" src=\"http:\/\/armstrongyregion.com.ar\/diario\/wp-content\/uploads\/2023\/07\/CAPACITACION-GROOMING-.jpg\" alt=\"\" class=\"wp-image-39308\" srcset=\"https:\/\/armstrongyregion.com.ar\/diario\/wp-content\/uploads\/2023\/07\/CAPACITACION-GROOMING-.jpg 614w, https:\/\/armstrongyregion.com.ar\/diario\/wp-content\/uploads\/2023\/07\/CAPACITACION-GROOMING--300x160.jpg 300w\" sizes=\"auto, (max-width: 614px) 100vw, 614px\" \/><\/a><\/figure>\n\n\n\n<h2 class=\"wp-block-heading\">Luego de la adhesi\u00f3n a la Ley N\u00b027.590 \u00abMica Ortega\u201d.<\/h2>\n\n\n\n<p>El Ministerio de Desarrollo Social, a trav\u00e9s de la Secretar\u00eda de los Derechos de la Ni\u00f1ez, Adolescencia y Familia, capacit\u00f3 al personal de instituciones que trabajan con ni\u00f1ez y adolescencia en Grooming, Ciudadan\u00eda Digital y L\u00ednea 102, en la sede de Gobierno en la ciudad de Rosario.<\/p>\n\n\n\n<p>La jornada, que se enmarca en la adhesi\u00f3n a la Ley N\u00b027.590, \u00abMica Ortega\u201d, por parte del gobierno provincial, tuvo como objetivo principal concientizar sobre la problem\u00e1tica de la vulneraci\u00f3n de los derechos de los ni\u00f1os, ni\u00f1as y adolescentes a trav\u00e9s de los entornos digitales.<\/p>\n\n\n\n<p>Al respecto, la secretaria de los Derechos de la Ni\u00f1ez, Adolescencia y Familia de la provincia, Patricia Chialvo, expres\u00f3 que \u201clo que hoy nos convoca es comenzar con las capacitaciones de las y los trabajadores de los equipos de ni\u00f1ez, en torno a una problem\u00e1tica tan actual como emergente, como es el grooming, el cual est\u00e1 considerado como un delito, que en muchas oportunidades culmina con la pornograf\u00eda o la explotaci\u00f3n sexual\u201d.<\/p>\n\n\n\n<p>Por su parte, la jefa de Gabinete de la Secretar\u00eda de Ni\u00f1ez, Adolescencia y Familia de Naci\u00f3n, Paula Chinellato, explic\u00f3 que \u201cel principal desaf\u00edo es formar a los equipos en la detecci\u00f3n, atenci\u00f3n y acompa\u00f1amiento a las v\u00edctimas de las violencias digitales, desde un enfoque de derechos, es decir desde la construcci\u00f3n de una ciudadan\u00eda digital de chicos y chicas\u201d.<\/p>\n\n\n\n<p>La capacitaci\u00f3n estuvo a cargo de Chinellato, y de Mariana Labhart y Eliana Pereyra, integrantes del Programa Clics Derechos; quienes abordaron la violencia en entornos digitales, el Plan Federal de capacitaci\u00f3n, el Programa Clics Derechos, y la promoci\u00f3n y protecci\u00f3n de derechos.<\/p>\n\n\n\n<p>Adem\u00e1s, Lorena Bessonart y Daniela Gil, integrantes del equipo de la L\u00ednea 102, hicieron una presentaci\u00f3n de la misma, posicion\u00e1ndola como herramienta de prevenci\u00f3n, promoci\u00f3n, difusi\u00f3n y protecci\u00f3n de los ni\u00f1os, ni\u00f1as y adolescentes.<\/p>\n\n\n\n<p>Tambi\u00e9n, se presentaron materiales de difusi\u00f3n de la l\u00ednea elaborados por la Secretar\u00eda, y se compartieron buenas pr\u00e1cticas y estrategias para el abordaje de situaciones de violencia.<\/p>\n\n\n\n<p>Estuvieron presentes en la jornada el Equipo Clic Derechos Santa Fe, integrado por Marina Pagliaroli, Noelia Dieguez y Patricia Tibaldo, y autoridades nacionales y provinciales.<\/p>\n\n\n\n<p><strong>\u00bfQU\u00c9 ES EL GROOMING?<\/strong><br>Se conoce como grooming a toda acci\u00f3n por la que una persona adulta contacta a una ni\u00f1a, ni\u00f1o o adolescente a trav\u00e9s de comunicaciones electr\u00f3nicas, telecomunicaciones o cualquier otra tecnolog\u00eda de transmisi\u00f3n de datos, para atentar contra su integridad sexual. Muchas veces el contacto se realiza bajo una\u202f&nbsp;identidad falsa\u202fy creando un\u202fv\u00ednculo de confianza, pero tambi\u00e9n puede ser alguien conocido del c\u00edrculo \u00edntimo, o un desconocido que no oculte su identidad.<\/p>\n\n\n\n<p>Es importante saber que, aunque la violencia ocurra en forma virtual,\u202fel da\u00f1o que produce es real y es necesario intervenir para restituir los derechos vulnerados. Desde diciembre de 2013 el C\u00f3digo Penal establece que\u202fel grooming es un delito\u202fque puede tener una pena de prisi\u00f3n de 6 meses a 4 a\u00f1os.<\/p>\n\n\n\n<p><strong>PROGRAMA \u00abCLICS DERECHOS\u00bb<\/strong><br>La ley 27.590 \u201cMica Ortega\u201d sancionada en 2020, y su decreto 407\/2022 de reglamentaci\u00f3n, crearon el\u202f&nbsp;Programa Nacional de Prevenci\u00f3n y Concientizaci\u00f3n del Grooming o Ciberacoso contra Ni\u00f1as, Ni\u00f1os y Adolescentes &#8211; Clic Derechos, que tiene como objetivo proteger del grooming a infancias y adolescencias, ense\u00f1arles a usar internet de manera responsable, capacitar a las personas que trabajan en las escuelas, dar informaci\u00f3n acerca de este delito en los medios de comunicaci\u00f3n y explicar c\u00f3mo y d\u00f3nde denunciar los casos.<\/p>\n\n\n\n<p><strong>L\u00cdNEA 102<\/strong><br>Es un servicio gratuito y confidencial, de atenci\u00f3n especializada sobre los derechos de chicas y chicos. Es un espacio de escucha, acompa\u00f1amiento y contenci\u00f3n a ni\u00f1as, ni\u00f1os y adolescentes, al que tambi\u00e9n pueden llamar personas adultas para consultar y recibir orientaci\u00f3n por diversos motivos.<\/p>\n","protected":false},"excerpt":{"rendered":"<p>Luego de la adhesi\u00f3n a la Ley N\u00b027.590 \u00abMica Ortega\u201d. El Ministerio de Desarrollo Social, a trav\u00e9s de la Secretar\u00eda de los Derechos de la Ni\u00f1ez, Adolescencia y Familia, capacit\u00f3 al personal de instituciones que trabajan con ni\u00f1ez y adolescencia en Grooming, Ciudadan\u00eda Digital y L\u00ednea 102, en la sede de Gobierno en la ciudad <a href=\"https:\/\/armstrongyregion.com.ar\/diario\/la-provincia-capacito-a-equipos-de-ninez-en-grooming-ciudadania-digital-y-linea-102\/\" title=\"Read more\" >&#8230;<\/a><\/p>\n","protected":false},"author":1,"featured_media":39308,"comment_status":"open","ping_status":"open","sticky":false,"template":"","format":"image","meta":{"_jetpack_memberships_contains_paid_content":false,"footnotes":"","jetpack_publicize_message":"","jetpack_publicize_feature_enabled":true,"jetpack_social_post_already_shared":true,"jetpack_social_options":{"image_generator_settings":{"template":"highway","default_image_id":0,"enabled":false},"version":2}},"categories":[6,8,1,2,7,3],"tags":[33,19,15,9311,31,3181,8640,13],"class_list":["post-39307","post","type-post","status-publish","format-image","has-post-thumbnail","hentry","category-cultura-entretenimiento","category-deliberando","category-diario-armstrong","category-locales","category-politica","category-region","tag-a","tag-de","tag-en","tag-grooming","tag-la","tag-ninez","tag-provincia-2","tag-y","post_format-post-format-image"],"jetpack_publicize_connections":[],"jetpack_featured_media_url":"https:\/\/armstrongyregion.com.ar\/diario\/wp-content\/uploads\/2023\/07\/CAPACITACION-GROOMING-.jpg","jetpack_shortlink":"https:\/\/wp.me\/p62QDO-adZ","jetpack_sharing_enabled":true,"amp_enabled":true,"_links":{"self":[{"href":"https:\/\/armstrongyregion.com.ar\/diario\/wp-json\/wp\/v2\/posts\/39307","targetHints":{"allow":["GET"]}}],"collection":[{"href":"https:\/\/armstrongyregion.com.ar\/diario\/wp-json\/wp\/v2\/posts"}],"about":[{"href":"https:\/\/armstrongyregion.com.ar\/diario\/wp-json\/wp\/v2\/types\/post"}],"author":[{"embeddable":true,"href":"https:\/\/armstrongyregion.com.ar\/diario\/wp-json\/wp\/v2\/users\/1"}],"replies":[{"embeddable":true,"href":"https:\/\/armstrongyregion.com.ar\/diario\/wp-json\/wp\/v2\/comments?post=39307"}],"version-history":[{"count":2,"href":"https:\/\/armstrongyregion.com.ar\/diario\/wp-json\/wp\/v2\/posts\/39307\/revisions"}],"predecessor-version":[{"id":39310,"href":"https:\/\/armstrongyregion.com.ar\/diario\/wp-json\/wp\/v2\/posts\/39307\/revisions\/39310"}],"wp:featuredmedia":[{"embeddable":true,"href":"https:\/\/armstrongyregion.com.ar\/diario\/wp-json\/wp\/v2\/media\/39308"}],"wp:attachment":[{"href":"https:\/\/armstrongyregion.com.ar\/diario\/wp-json\/wp\/v2\/media?parent=39307"}],"wp:term":[{"taxonomy":"category","embeddable":true,"href":"https:\/\/armstrongyregion.com.ar\/diario\/wp-json\/wp\/v2\/categories?post=39307"},{"taxonomy":"post_tag","embeddable":true,"href":"https:\/\/armstrongyregion.com.ar\/diario\/wp-json\/wp\/v2\/tags?post=39307"}],"curies":[{"name":"wp","href":"https:\/\/api.w.org\/{rel}","templated":true}]}}