{"id":39304,"date":"2023-07-05T21:59:41","date_gmt":"2023-07-05T21:59:41","guid":{"rendered":"https:\/\/armstrongyregion.com.ar\/diario\/?p=39304"},"modified":"2023-07-05T21:59:44","modified_gmt":"2023-07-05T21:59:44","slug":"armstrong-presentacion-oficial-de-la-19-maraton-delfo-cabrera","status":"publish","type":"post","link":"https:\/\/armstrongyregion.com.ar\/diario\/armstrong-presentacion-oficial-de-la-19-maraton-delfo-cabrera\/","title":{"rendered":"Armstrong. Presentaci\u00f3n oficial de la 19\u00b0 marat\u00f3n Delfo Cabrera."},"content":{"rendered":"\n<figure class=\"wp-block-image size-full\"><a href=\"http:\/\/armstrongyregion.com.ar\/diario\/wp-content\/uploads\/2023\/07\/presentacion_maraton.jpg\"><img loading=\"lazy\" decoding=\"async\" width=\"320\" height=\"320\" src=\"http:\/\/armstrongyregion.com.ar\/diario\/wp-content\/uploads\/2023\/07\/presentacion_maraton.jpg\" alt=\"\" class=\"wp-image-39305\" srcset=\"https:\/\/armstrongyregion.com.ar\/diario\/wp-content\/uploads\/2023\/07\/presentacion_maraton.jpg 320w, https:\/\/armstrongyregion.com.ar\/diario\/wp-content\/uploads\/2023\/07\/presentacion_maraton-300x300.jpg 300w, https:\/\/armstrongyregion.com.ar\/diario\/wp-content\/uploads\/2023\/07\/presentacion_maraton-150x150.jpg 150w\" sizes=\"auto, (max-width: 320px) 100vw, 320px\" \/><\/a><\/figure>\n\n\n\n<h2 class=\"wp-block-heading\"><strong>La Municipalidad de Armstrong invita a la presentaci\u00f3n oficial de la 19\u00b0 edici\u00f3n de la media marat\u00f3n Delfo Cabrera que se realizar\u00e1 el jueves 6 de julio a las 20 hs en el auditorio Delmo Dar\u00f3, a 30 d\u00edas del gran evento deportivo.<\/strong><\/h2>\n\n\n\n<p>En la oportunidad se brindar\u00e1n detalles sobre el nuevo circuito homologado con distancias certificadas de los 10k y 21k a cargo del medidor oficial e integrante de la Asociaci\u00f3n Rosarina de Atletismo (ARDA)Ernesto Gorla.<\/p>\n\n\n\n<p>Adem\u00e1s se presentar\u00e1 la remera de esta edici\u00f3n 2023.<\/p>\n\n\n\n<p>Nuestra comunidad se prepara para festejar los 75 a\u00f1os de aquella Medalla de Oro en marat\u00f3n que gan\u00f3 Delfo, hijo de esta ciudad, en los Juego Ol\u00edmpicos en Londres, el 7 de agosto de 1948.<\/p>\n","protected":false},"excerpt":{"rendered":"<p>La Municipalidad de Armstrong invita a la presentaci\u00f3n oficial de la 19\u00b0 edici\u00f3n de la media marat\u00f3n Delfo Cabrera que se realizar\u00e1 el jueves 6 de julio a las 20 hs en el auditorio Delmo Dar\u00f3, a 30 d\u00edas del gran evento deportivo. En la oportunidad se brindar\u00e1n detalles sobre el nuevo circuito homologado con <a href=\"https:\/\/armstrongyregion.com.ar\/diario\/armstrong-presentacion-oficial-de-la-19-maraton-delfo-cabrera\/\" title=\"Read more\" >&#8230;<\/a><\/p>\n","protected":false},"author":1,"featured_media":39305,"comment_status":"open","ping_status":"open","sticky":false,"template":"","format":"image","meta":{"_jetpack_memberships_contains_paid_content":false,"footnotes":"","jetpack_publicize_message":"","jetpack_publicize_feature_enabled":true,"jetpack_social_post_already_shared":true,"jetpack_social_options":{"image_generator_settings":{"template":"highway","default_image_id":0,"enabled":false},"version":2}},"categories":[6,8,1,2,7,3],"tags":[20,9565,9564,9563],"class_list":["post-39304","post","type-post","status-publish","format-image","has-post-thumbnail","hentry","category-cultura-entretenimiento","category-deliberando","category-diario-armstrong","category-locales","category-politica","category-region","tag-armstrong","tag-cabrera-2","tag-maraton-2","tag-presentacion-2","post_format-post-format-image"],"jetpack_publicize_connections":[],"jetpack_featured_media_url":"https:\/\/armstrongyregion.com.ar\/diario\/wp-content\/uploads\/2023\/07\/presentacion_maraton.jpg","jetpack_shortlink":"https:\/\/wp.me\/p62QDO-adW","jetpack_sharing_enabled":true,"amp_enabled":true,"_links":{"self":[{"href":"https:\/\/armstrongyregion.com.ar\/diario\/wp-json\/wp\/v2\/posts\/39304","targetHints":{"allow":["GET"]}}],"collection":[{"href":"https:\/\/armstrongyregion.com.ar\/diario\/wp-json\/wp\/v2\/posts"}],"about":[{"href":"https:\/\/armstrongyregion.com.ar\/diario\/wp-json\/wp\/v2\/types\/post"}],"author":[{"embeddable":true,"href":"https:\/\/armstrongyregion.com.ar\/diario\/wp-json\/wp\/v2\/users\/1"}],"replies":[{"embeddable":true,"href":"https:\/\/armstrongyregion.com.ar\/diario\/wp-json\/wp\/v2\/comments?post=39304"}],"version-history":[{"count":1,"href":"https:\/\/armstrongyregion.com.ar\/diario\/wp-json\/wp\/v2\/posts\/39304\/revisions"}],"predecessor-version":[{"id":39306,"href":"https:\/\/armstrongyregion.com.ar\/diario\/wp-json\/wp\/v2\/posts\/39304\/revisions\/39306"}],"wp:featuredmedia":[{"embeddable":true,"href":"https:\/\/armstrongyregion.com.ar\/diario\/wp-json\/wp\/v2\/media\/39305"}],"wp:attachment":[{"href":"https:\/\/armstrongyregion.com.ar\/diario\/wp-json\/wp\/v2\/media?parent=39304"}],"wp:term":[{"taxonomy":"category","embeddable":true,"href":"https:\/\/armstrongyregion.com.ar\/diario\/wp-json\/wp\/v2\/categories?post=39304"},{"taxonomy":"post_tag","embeddable":true,"href":"https:\/\/armstrongyregion.com.ar\/diario\/wp-json\/wp\/v2\/tags?post=39304"}],"curies":[{"name":"wp","href":"https:\/\/api.w.org\/{rel}","templated":true}]}}