{"id":393,"date":"2015-01-10T23:45:23","date_gmt":"2015-01-10T23:45:23","guid":{"rendered":"https:\/\/armstrongyregion.com.ar\/diario\/?p=393"},"modified":"2015-01-10T23:45:23","modified_gmt":"2015-01-10T23:45:23","slug":"valdano-anticipo-a-armstrong-y-region-su-visita-proselitista-a-la-ciudad","status":"publish","type":"post","link":"https:\/\/armstrongyregion.com.ar\/diario\/valdano-anticipo-a-armstrong-y-region-su-visita-proselitista-a-la-ciudad\/","title":{"rendered":"Valdano anticipo a Armstrong y Region su visita proselitista a la ciudad."},"content":{"rendered":"<p><a href=\"http:\/\/armstrongyregion.com.ar\/diario\/wp-content\/uploads\/2015\/01\/Valdano.jpg\"><img loading=\"lazy\" decoding=\"async\" class=\"alignnone size-medium wp-image-394\" src=\"http:\/\/armstrongyregion.com.ar\/diario\/wp-content\/uploads\/2015\/01\/Valdano-300x186.jpg\" alt=\"Valdano\" width=\"300\" height=\"186\" srcset=\"https:\/\/armstrongyregion.com.ar\/diario\/wp-content\/uploads\/2015\/01\/Valdano-300x186.jpg 300w, https:\/\/armstrongyregion.com.ar\/diario\/wp-content\/uploads\/2015\/01\/Valdano.jpg 498w\" sizes=\"auto, (max-width: 300px) 100vw, 300px\" \/><\/a>El Dr. Juan Carlos Valdano, sub secretario de articulaci\u00f3n territorial del gobierno provincial, representante del Partido Socialista de Las Parejas, es precandidato a senador por el departamento Belgrano y mantuvo una entrevista con Armstrong y Regi\u00f3n, haciendo referencia a la reuni\u00f3n mantenida con referentes del partido de todo el departamento.<br \/>\nAl respecto explicaba lo siguiente: \u201cNosotros venimos ya desde hace mucho tiempo con esta mesa del Partido Socialista departamental y en este caso ya estamos avanzando sobre temas de organizaci\u00f3n de campa\u00f1a, ya que los tiempos se precipitan y tenemos que generar nuestras propuestas y somos un grupo abierto muy integrado y muy cohesionado ideol\u00f3gicamente. Asi que estamos hablando tambi\u00e9n de temas de inter\u00e9s para el departamento, creyendo que vamos a tener una oferta superadora\u201d.<br \/>\nSobre cu\u00e1les son esos temas de mayor inter\u00e9s para nuestro departamento Valdano respondi\u00f3: \u201cConcibo al departamento Belgrano como una regi\u00f3n productiva de mucha capacidad de asimilaci\u00f3n de departamento tecnol\u00f3gico, por ello creo que el eje tiene que ir por all\u00ed. Nosotros tenemos que tener mejor educaci\u00f3n para seguir super\u00e1ndonos, la salud tambi\u00e9n para que sea el sustento de toda esta iniciativa, el tema social, el tema de inclusi\u00f3n, que nos interesa mucho, porque por l\u00f3gica la actividad productiva tiende a concentrar y nosotros tenemos que buscar esa integraci\u00f3n\u00a8.<br \/>\nEn la charla concedida a nuestro medio, el dirigente socialista afirm\u00f3: \u201cNosotros culturalmente somos gente que estamos muy vinculados a la producci\u00f3n, tenemos una movilidad social en funci\u00f3n de esa producci\u00f3n y tenemos que hacerla sustentable, por ello entendemos que alrededor de ese eje saldremos con las propuestas\u00a8.<br \/>\nLe preguntamos a Valdano, en virtud del tiempo que lleva en la funci\u00f3n p\u00fablica como se ve como senador departamental- respondi\u00f3- : \u201cHace siete a\u00f1os que estoy en Santa F\u00e9. Nuestra gesti\u00f3n tiene una visi\u00f3n m\u00faltiple, interdisciplinaria, que trabaja con abordajes interministeriales, asi que tenemos un fuerte ejercicio con todas las \u00e1reas espec\u00edficas del gobierno.\u201d<br \/>\n\u201cConozco las claves, conozco los escritorios y tambi\u00e9n en esta \u00faltima etapa donde estoy en el tema viviendas, h\u00e1bitat, he concretado una fuerte relaci\u00f3n con todo los municipios y comunas de la provincia y tengo la percepci\u00f3n de sus necesidades, de sus problem\u00e1ticas y ese es un ejercicio que me ha enriquecido much\u00edsimo como para saber procesar las demandas de los territorios\u201d, amplio el precandidato a la senadur\u00eda por el socialismo.<br \/>\nCon toda esta exposici\u00f3n Valdano resumi\u00f3 la expectativa diciendo: \u201cCreo que todo esto es la confluencia de la experiencia en Santa Fe, de conocer los instrumentos, la forma de aplicarlos y tambi\u00e9n conocer la demanda y c\u00f3mo articular ambas cuestiones, as\u00ed que creo que puedo resumir una propuesta que sea superadora, porque en realidad en este momento el abordaje que se hace al departamento es en funci\u00f3n de actividades muy particulares, individuales, desconectadas, no est\u00e1n pensadas en el departamento, est\u00e1n pensadas en abordajes puntuales y creo que eso no hace al futuro de la regi\u00f3n.\u201d<br \/>\nValdano le anticip\u00f3 a Armstrong y Region que este lunes estar\u00e1 en nuestra ciudad recorriendo los distintos medios de comunicaci\u00f3n, para informar sus propuestas.<br \/>\nPara finalizar expres\u00f3: \u201cQuiero sentarme a so\u00f1ar con la instituci\u00f3n a ver qu\u00e9 se puede hacer.\u201d<\/p>\n","protected":false},"excerpt":{"rendered":"<p>El Dr. Juan Carlos Valdano, sub secretario de articulaci\u00f3n territorial del gobierno provincial, representante del Partido Socialista de Las Parejas, es precandidato a senador por el departamento Belgrano y mantuvo una entrevista con Armstrong y Regi\u00f3n, haciendo referencia a la reuni\u00f3n mantenida con referentes del partido de todo el departamento. Al respecto explicaba lo siguiente: <a href=\"https:\/\/armstrongyregion.com.ar\/diario\/valdano-anticipo-a-armstrong-y-region-su-visita-proselitista-a-la-ciudad\/\" title=\"Read more\" >&#8230;<\/a><\/p>\n","protected":false},"author":2,"featured_media":394,"comment_status":"open","ping_status":"open","sticky":false,"template":"","format":"standard","meta":{"_jetpack_memberships_contains_paid_content":false,"footnotes":"","jetpack_publicize_message":"","jetpack_publicize_feature_enabled":true,"jetpack_social_post_already_shared":false,"jetpack_social_options":{"image_generator_settings":{"template":"highway","default_image_id":0,"enabled":false},"version":2}},"categories":[1,2,7],"tags":[33,387,20,390,31,389,388,35,386,28,13],"class_list":["post-393","post","type-post","status-publish","format-standard","has-post-thumbnail","hentry","category-diario-armstrong","category-locales","category-politica","tag-a","tag-anticipo","tag-armstrong","tag-ciudad","tag-la","tag-proselitista","tag-region-2","tag-su","tag-valdano","tag-visita","tag-y"],"jetpack_publicize_connections":[],"jetpack_featured_media_url":"https:\/\/armstrongyregion.com.ar\/diario\/wp-content\/uploads\/2015\/01\/Valdano.jpg","jetpack_shortlink":"https:\/\/wp.me\/p62QDO-6l","jetpack_sharing_enabled":true,"amp_enabled":true,"_links":{"self":[{"href":"https:\/\/armstrongyregion.com.ar\/diario\/wp-json\/wp\/v2\/posts\/393","targetHints":{"allow":["GET"]}}],"collection":[{"href":"https:\/\/armstrongyregion.com.ar\/diario\/wp-json\/wp\/v2\/posts"}],"about":[{"href":"https:\/\/armstrongyregion.com.ar\/diario\/wp-json\/wp\/v2\/types\/post"}],"author":[{"embeddable":true,"href":"https:\/\/armstrongyregion.com.ar\/diario\/wp-json\/wp\/v2\/users\/2"}],"replies":[{"embeddable":true,"href":"https:\/\/armstrongyregion.com.ar\/diario\/wp-json\/wp\/v2\/comments?post=393"}],"version-history":[{"count":0,"href":"https:\/\/armstrongyregion.com.ar\/diario\/wp-json\/wp\/v2\/posts\/393\/revisions"}],"wp:featuredmedia":[{"embeddable":true,"href":"https:\/\/armstrongyregion.com.ar\/diario\/wp-json\/wp\/v2\/media\/394"}],"wp:attachment":[{"href":"https:\/\/armstrongyregion.com.ar\/diario\/wp-json\/wp\/v2\/media?parent=393"}],"wp:term":[{"taxonomy":"category","embeddable":true,"href":"https:\/\/armstrongyregion.com.ar\/diario\/wp-json\/wp\/v2\/categories?post=393"},{"taxonomy":"post_tag","embeddable":true,"href":"https:\/\/armstrongyregion.com.ar\/diario\/wp-json\/wp\/v2\/tags?post=393"}],"curies":[{"name":"wp","href":"https:\/\/api.w.org\/{rel}","templated":true}]}}