{"id":39297,"date":"2023-07-05T21:52:16","date_gmt":"2023-07-05T21:52:16","guid":{"rendered":"https:\/\/armstrongyregion.com.ar\/diario\/?p=39297"},"modified":"2023-07-05T21:52:19","modified_gmt":"2023-07-05T21:52:19","slug":"facundo-amil-voy-a-ser-concejal-para-todos-los-armstronenses-no-puede-haber-ciudadanos-de-1ra-y-de-2da","status":"publish","type":"post","link":"https:\/\/armstrongyregion.com.ar\/diario\/facundo-amil-voy-a-ser-concejal-para-todos-los-armstronenses-no-puede-haber-ciudadanos-de-1ra-y-de-2da\/","title":{"rendered":"Facundo Amil: \u201cVoy a ser concejal para todos los armstronenses, no puede haber ciudadanos de 1ra y de 2da\u201d"},"content":{"rendered":"\n<figure class=\"wp-block-image size-full\"><a href=\"http:\/\/armstrongyregion.com.ar\/diario\/wp-content\/uploads\/2023\/07\/FACU-AMIL-5-7-23-.jpg\"><img loading=\"lazy\" decoding=\"async\" width=\"424\" height=\"435\" src=\"http:\/\/armstrongyregion.com.ar\/diario\/wp-content\/uploads\/2023\/07\/FACU-AMIL-5-7-23-.jpg\" alt=\"\" class=\"wp-image-39298\" srcset=\"https:\/\/armstrongyregion.com.ar\/diario\/wp-content\/uploads\/2023\/07\/FACU-AMIL-5-7-23-.jpg 424w, https:\/\/armstrongyregion.com.ar\/diario\/wp-content\/uploads\/2023\/07\/FACU-AMIL-5-7-23--292x300.jpg 292w\" sizes=\"auto, (max-width: 424px) 100vw, 424px\" \/><\/a><\/figure>\n\n\n\n<p>En di\u00e1logo con nuestro medio, el pre-candidato a concejal por el partido Somos Armstrong, Facundo Amil, expres\u00f3 \u00abse nota a simple vista la diferencia que existe entre los barrios a medida que nos alejamos del centro de la ciudad y ni hablar el barrio sur\u00bb.<\/p>\n\n\n\n<p>Luego a\u00f1adi\u00f3: \u00abDesde falta de iluminaci\u00f3n hasta limpieza y sin dudas la necesidad de obras como pavimentaci\u00f3n, cloacas y gas. Los vecinos que vivimos en el barrio sur, por ejemplo, lo padecemos diariamente y se est\u00e1 replicando en distintas zonas de la ciudad donde es muy evidente la falta de atenci\u00f3n de parte del municipio\u00bb. <\/p>\n","protected":false},"excerpt":{"rendered":"<p>En di\u00e1logo con nuestro medio, el pre-candidato a concejal por el partido Somos Armstrong, Facundo Amil, expres\u00f3 \u00abse nota a simple vista la diferencia que existe entre los barrios a medida que nos alejamos del centro de la ciudad y ni hablar el barrio sur\u00bb. Luego a\u00f1adi\u00f3: \u00abDesde falta de iluminaci\u00f3n hasta limpieza y sin <a href=\"https:\/\/armstrongyregion.com.ar\/diario\/facundo-amil-voy-a-ser-concejal-para-todos-los-armstronenses-no-puede-haber-ciudadanos-de-1ra-y-de-2da\/\" title=\"Read more\" >&#8230;<\/a><\/p>\n","protected":false},"author":1,"featured_media":39298,"comment_status":"open","ping_status":"open","sticky":false,"template":"","format":"image","meta":{"_jetpack_memberships_contains_paid_content":false,"footnotes":"","jetpack_publicize_message":"","jetpack_publicize_feature_enabled":true,"jetpack_social_post_already_shared":true,"jetpack_social_options":{"image_generator_settings":{"template":"highway","default_image_id":0,"enabled":false},"version":2}},"categories":[8,1,2,3],"tags":[9562,718,8996,673,19,9515,42,81,1157,967,925,13],"class_list":["post-39297","post","type-post","status-publish","format-image","has-post-thumbnail","hentry","category-deliberando","category-diario-armstrong","category-locales","category-region","tag-1ra","tag-2da","tag-armstronenses-2","tag-concejal","tag-de","tag-facundo-amil","tag-los","tag-para","tag-puede","tag-todos","tag-voy","tag-y","post_format-post-format-image"],"jetpack_publicize_connections":[],"jetpack_featured_media_url":"https:\/\/armstrongyregion.com.ar\/diario\/wp-content\/uploads\/2023\/07\/FACU-AMIL-5-7-23-.jpg","jetpack_shortlink":"https:\/\/wp.me\/p62QDO-adP","jetpack_sharing_enabled":true,"amp_enabled":true,"_links":{"self":[{"href":"https:\/\/armstrongyregion.com.ar\/diario\/wp-json\/wp\/v2\/posts\/39297","targetHints":{"allow":["GET"]}}],"collection":[{"href":"https:\/\/armstrongyregion.com.ar\/diario\/wp-json\/wp\/v2\/posts"}],"about":[{"href":"https:\/\/armstrongyregion.com.ar\/diario\/wp-json\/wp\/v2\/types\/post"}],"author":[{"embeddable":true,"href":"https:\/\/armstrongyregion.com.ar\/diario\/wp-json\/wp\/v2\/users\/1"}],"replies":[{"embeddable":true,"href":"https:\/\/armstrongyregion.com.ar\/diario\/wp-json\/wp\/v2\/comments?post=39297"}],"version-history":[{"count":2,"href":"https:\/\/armstrongyregion.com.ar\/diario\/wp-json\/wp\/v2\/posts\/39297\/revisions"}],"predecessor-version":[{"id":39300,"href":"https:\/\/armstrongyregion.com.ar\/diario\/wp-json\/wp\/v2\/posts\/39297\/revisions\/39300"}],"wp:featuredmedia":[{"embeddable":true,"href":"https:\/\/armstrongyregion.com.ar\/diario\/wp-json\/wp\/v2\/media\/39298"}],"wp:attachment":[{"href":"https:\/\/armstrongyregion.com.ar\/diario\/wp-json\/wp\/v2\/media?parent=39297"}],"wp:term":[{"taxonomy":"category","embeddable":true,"href":"https:\/\/armstrongyregion.com.ar\/diario\/wp-json\/wp\/v2\/categories?post=39297"},{"taxonomy":"post_tag","embeddable":true,"href":"https:\/\/armstrongyregion.com.ar\/diario\/wp-json\/wp\/v2\/tags?post=39297"}],"curies":[{"name":"wp","href":"https:\/\/api.w.org\/{rel}","templated":true}]}}