{"id":39291,"date":"2023-07-04T17:07:16","date_gmt":"2023-07-04T17:07:16","guid":{"rendered":"https:\/\/armstrongyregion.com.ar\/diario\/?p=39291"},"modified":"2023-07-04T17:07:19","modified_gmt":"2023-07-04T17:07:19","slug":"armstrong-nueva-capacitacion-de-defensa-civil","status":"publish","type":"post","link":"https:\/\/armstrongyregion.com.ar\/diario\/armstrong-nueva-capacitacion-de-defensa-civil\/","title":{"rendered":"Armstrong. Nueva capacitaci\u00f3n de Defensa Civil."},"content":{"rendered":"\n<figure class=\"wp-block-image size-full\"><a href=\"http:\/\/armstrongyregion.com.ar\/diario\/wp-content\/uploads\/2023\/07\/defensa_civil_1.jpg\"><img loading=\"lazy\" decoding=\"async\" width=\"675\" height=\"450\" src=\"http:\/\/armstrongyregion.com.ar\/diario\/wp-content\/uploads\/2023\/07\/defensa_civil_1.jpg\" alt=\"\" class=\"wp-image-39292\" srcset=\"https:\/\/armstrongyregion.com.ar\/diario\/wp-content\/uploads\/2023\/07\/defensa_civil_1.jpg 675w, https:\/\/armstrongyregion.com.ar\/diario\/wp-content\/uploads\/2023\/07\/defensa_civil_1-300x200.jpg 300w\" sizes=\"auto, (max-width: 675px) 100vw, 675px\" \/><\/a><\/figure>\n\n\n\n<h2 class=\"wp-block-heading\"><strong>El d\u00eda s\u00e1bado 1 de julio, la Junta Municipal de Defensa Civil realiz\u00f3 una nueva capacitaci\u00f3n. En este caso, referido puntualmente al protocolo local de traslado a\u00e9reo sanitario de emergencia.<\/strong><\/h2>\n\n\n\n<p>De la misma participaron los equipos de las instituciones que integran Defensa Civil y que intervienen cada vez que se debe activar el protocolo de emergencia como lo son Bomberos Voluntarios, S.A.M.Co., S.U.S.A.M.Co, Orden P\u00fablico Municipal y Polic\u00eda.<\/p>\n\n\n\n<p>C\u00f3mo se hace el abordaje hacia esta unidad de traslado a\u00e9reo (helic\u00f3ptero), c\u00f3mo entrar a esa \u00e1rea de riesgo que es el helic\u00f3ptero en marcha, haci\u00e9ndolo de manera conjunta entre todos los actores de Defensa Civil, cada uno desde su rol, incluso los traslados que se realizan con la Cooperativa de Provisi\u00f3n de Obras y Servicios P\u00fablicos y el 107, una herramienta m\u00e1s para el&nbsp; traslado de emergencia de pacientes.&nbsp;&nbsp;<\/p>\n\n\n\n<figure class=\"wp-block-image\"><img decoding=\"async\" src=\"https:\/\/www.armstrong.gov.ar\/images\/articulos2023\/defensa_civil_2.jpg\" alt=\"\"\/><\/figure>\n\n\n\n<p>El Intendente Pablo Verdecchia manifest\u00f3: \u201cOrgullosos de que este sistema est\u00e9 protegiendo a nuestros ciudadanos. Ojal\u00e1 no tengamos que utilizarlo nunca, pero como Defensa Civil tenemos que estar preparados a la hora de la emergencia\u201d.<\/p>\n\n\n\n<p>El convenio con la empresa UTV Aeroemergencias S.A., de la ciudad de Rosario, se firm\u00f3 el 2 de marzo de 2021 y desde ese momento hasta la actualidad, en promedio, se realiza un traslado por mes, seg\u00fan informaci\u00f3n brindada por autoridades de salud de la ciudad.<\/p>\n\n\n\n<figure class=\"wp-block-image\"><img decoding=\"async\" src=\"https:\/\/www.armstrong.gov.ar\/images\/articulos2023\/defensa_civil_3.jpg\" alt=\"\"\/><\/figure>\n\n\n\n<p>&nbsp;La aeronave cuenta con el equipamiento necesario para una \u00f3ptima prestaci\u00f3n as\u00ed como del tratamiento de los pacientes durante el vuelo, con un m\u00e9dico y un param\u00e9dico.<\/p>\n","protected":false},"excerpt":{"rendered":"<p>El d\u00eda s\u00e1bado 1 de julio, la Junta Municipal de Defensa Civil realiz\u00f3 una nueva capacitaci\u00f3n. En este caso, referido puntualmente al protocolo local de traslado a\u00e9reo sanitario de emergencia. De la misma participaron los equipos de las instituciones que integran Defensa Civil y que intervienen cada vez que se debe activar el protocolo de <a href=\"https:\/\/armstrongyregion.com.ar\/diario\/armstrong-nueva-capacitacion-de-defensa-civil\/\" title=\"Read more\" >&#8230;<\/a><\/p>\n","protected":false},"author":1,"featured_media":39292,"comment_status":"open","ping_status":"open","sticky":false,"template":"","format":"image","meta":{"_jetpack_memberships_contains_paid_content":false,"footnotes":"","jetpack_publicize_message":"","jetpack_publicize_feature_enabled":true,"jetpack_social_post_already_shared":true,"jetpack_social_options":{"image_generator_settings":{"template":"highway","default_image_id":0,"enabled":false},"version":2}},"categories":[6,8,1,2,7],"tags":[20,1292,792,2455,275],"class_list":["post-39291","post","type-post","status-publish","format-image","has-post-thumbnail","hentry","category-cultura-entretenimiento","category-deliberando","category-diario-armstrong","category-locales","category-politica","tag-armstrong","tag-capacitacion","tag-civil","tag-defensa","tag-nueva","post_format-post-format-image"],"jetpack_publicize_connections":[],"jetpack_featured_media_url":"https:\/\/armstrongyregion.com.ar\/diario\/wp-content\/uploads\/2023\/07\/defensa_civil_1.jpg","jetpack_shortlink":"https:\/\/wp.me\/p62QDO-adJ","jetpack_sharing_enabled":true,"amp_enabled":true,"_links":{"self":[{"href":"https:\/\/armstrongyregion.com.ar\/diario\/wp-json\/wp\/v2\/posts\/39291","targetHints":{"allow":["GET"]}}],"collection":[{"href":"https:\/\/armstrongyregion.com.ar\/diario\/wp-json\/wp\/v2\/posts"}],"about":[{"href":"https:\/\/armstrongyregion.com.ar\/diario\/wp-json\/wp\/v2\/types\/post"}],"author":[{"embeddable":true,"href":"https:\/\/armstrongyregion.com.ar\/diario\/wp-json\/wp\/v2\/users\/1"}],"replies":[{"embeddable":true,"href":"https:\/\/armstrongyregion.com.ar\/diario\/wp-json\/wp\/v2\/comments?post=39291"}],"version-history":[{"count":1,"href":"https:\/\/armstrongyregion.com.ar\/diario\/wp-json\/wp\/v2\/posts\/39291\/revisions"}],"predecessor-version":[{"id":39293,"href":"https:\/\/armstrongyregion.com.ar\/diario\/wp-json\/wp\/v2\/posts\/39291\/revisions\/39293"}],"wp:featuredmedia":[{"embeddable":true,"href":"https:\/\/armstrongyregion.com.ar\/diario\/wp-json\/wp\/v2\/media\/39292"}],"wp:attachment":[{"href":"https:\/\/armstrongyregion.com.ar\/diario\/wp-json\/wp\/v2\/media?parent=39291"}],"wp:term":[{"taxonomy":"category","embeddable":true,"href":"https:\/\/armstrongyregion.com.ar\/diario\/wp-json\/wp\/v2\/categories?post=39291"},{"taxonomy":"post_tag","embeddable":true,"href":"https:\/\/armstrongyregion.com.ar\/diario\/wp-json\/wp\/v2\/tags?post=39291"}],"curies":[{"name":"wp","href":"https:\/\/api.w.org\/{rel}","templated":true}]}}