{"id":39287,"date":"2023-07-04T17:04:42","date_gmt":"2023-07-04T17:04:42","guid":{"rendered":"https:\/\/armstrongyregion.com.ar\/diario\/?p=39287"},"modified":"2023-07-04T17:04:45","modified_gmt":"2023-07-04T17:04:45","slug":"clerici-y-equipo-realizaron-apertura-oficial-de-la-feria-del-libro-2023-cora-renard","status":"publish","type":"post","link":"https:\/\/armstrongyregion.com.ar\/diario\/clerici-y-equipo-realizaron-apertura-oficial-de-la-feria-del-libro-2023-cora-renard\/","title":{"rendered":"Cl\u00e9rici y equipo realizaron apertura oficial de la Feria del Libro 2023 \u00abCora Renard\u00bb."},"content":{"rendered":"\n<figure class=\"wp-block-image size-full\"><a href=\"http:\/\/armstrongyregion.com.ar\/diario\/wp-content\/uploads\/2023\/07\/clerici-4-7-23.jpg\"><img loading=\"lazy\" decoding=\"async\" width=\"400\" height=\"308\" src=\"http:\/\/armstrongyregion.com.ar\/diario\/wp-content\/uploads\/2023\/07\/clerici-4-7-23.jpg\" alt=\"\" class=\"wp-image-39288\" srcset=\"https:\/\/armstrongyregion.com.ar\/diario\/wp-content\/uploads\/2023\/07\/clerici-4-7-23.jpg 400w, https:\/\/armstrongyregion.com.ar\/diario\/wp-content\/uploads\/2023\/07\/clerici-4-7-23-300x231.jpg 300w\" sizes=\"auto, (max-width: 400px) 100vw, 400px\" \/><\/a><\/figure>\n\n\n\n<p>Este lunes, la intendenta Stella Cl\u00e9rici junto al presidente del Concejo, Marcelo Casalegno, y la secretar\u00eda de Educaci\u00f3n, Cultura y Deportes, Raquel Di Paola, recibieron a establecimientos educativos de la ciudad y la regi\u00f3n en el acto de apertura de la Feria del Libro 2023 \u201cCora Renard\u201d.<\/p>\n\n\n\n<figure class=\"wp-block-image size-full\"><a href=\"http:\/\/armstrongyregion.com.ar\/diario\/wp-content\/uploads\/2023\/07\/clerici-4-7-23-b.jpg\"><img loading=\"lazy\" decoding=\"async\" width=\"400\" height=\"262\" src=\"http:\/\/armstrongyregion.com.ar\/diario\/wp-content\/uploads\/2023\/07\/clerici-4-7-23-b.jpg\" alt=\"\" class=\"wp-image-39289\" srcset=\"https:\/\/armstrongyregion.com.ar\/diario\/wp-content\/uploads\/2023\/07\/clerici-4-7-23-b.jpg 400w, https:\/\/armstrongyregion.com.ar\/diario\/wp-content\/uploads\/2023\/07\/clerici-4-7-23-b-300x197.jpg 300w\" sizes=\"auto, (max-width: 400px) 100vw, 400px\" \/><\/a><\/figure>\n\n\n\n<p>\u201cEsta feria rinde homenaje a Cora Renard, V\u00edctor Tissera y Susana Bressan, aquellos que impulsaron el amor a la lectura\u201d, expres\u00f3 Cl\u00e9rici, y agreg\u00f3: \u201cEsta edici\u00f3n es muy especial, espera m\u00e1s gente, dura m\u00e1s d\u00edas y dedica los fines de semana a las familias y la semana a establecimientos educativos\u201d.<\/p>\n\n\n\n<p>La Feria abri\u00f3 sus puertas el domingo 2 a las 14 hs. y culmin\u00f3 la tarde con Verdi colmado, disfrutando de&nbsp;Dar\u00edo Sztajnszrajber con su&nbsp;libro&nbsp;\u201cEl amor es imposible\u201d. Durante toda la semana recibir\u00e1 a escuelas de la ciudad y localidades de los departamentos Iriondo y Belgrano, continuar\u00e1 con la presentaci\u00f3n de libros, actividades para ni\u00f1os, narraciones, charlas y talleres.<\/p>\n\n\n\n<p>El cronograma re\u00fane autores locales, escritores destacados y revelaciones, editoriales y artistas; contar\u00e1 con figuras literarias de la escena nacional y ofrecer\u00e1 un espacio de venta de libros con cinco librer\u00edas locales.&nbsp;La grilla completa se puede consultar en:&nbsp;<a href=\"https:\/\/xn--caadadegomez-bhb.gob.ar\/feria-del-libro\" target=\"_blank\" rel=\"noreferrer noopener\">https:\/\/xn--caadadegomez-bhb.gob.ar\/feria-del-libro<\/a>.&nbsp;<\/p>\n","protected":false},"excerpt":{"rendered":"<p>Este lunes, la intendenta Stella Cl\u00e9rici junto al presidente del Concejo, Marcelo Casalegno, y la secretar\u00eda de Educaci\u00f3n, Cultura y Deportes, Raquel Di Paola, recibieron a establecimientos educativos de la ciudad y la regi\u00f3n en el acto de apertura de la Feria del Libro 2023 \u201cCora Renard\u201d. \u201cEsta feria rinde homenaje a Cora Renard, V\u00edctor <a href=\"https:\/\/armstrongyregion.com.ar\/diario\/clerici-y-equipo-realizaron-apertura-oficial-de-la-feria-del-libro-2023-cora-renard\/\" title=\"Read more\" >&#8230;<\/a><\/p>\n","protected":false},"author":1,"featured_media":39288,"comment_status":"open","ping_status":"open","sticky":false,"template":"","format":"image","meta":{"_jetpack_memberships_contains_paid_content":false,"footnotes":"","jetpack_publicize_message":"","jetpack_publicize_feature_enabled":true,"jetpack_social_post_already_shared":true,"jetpack_social_options":{"image_generator_settings":{"template":"highway","default_image_id":0,"enabled":false},"version":2}},"categories":[8,1,2,7,3],"tags":[9156,19,9559,830,13],"class_list":["post-39287","post","type-post","status-publish","format-image","has-post-thumbnail","hentry","category-deliberando","category-diario-armstrong","category-locales","category-politica","category-region","tag-clerici-2","tag-de","tag-feria-del-libro","tag-realizaron","tag-y","post_format-post-format-image"],"jetpack_publicize_connections":[],"jetpack_featured_media_url":"https:\/\/armstrongyregion.com.ar\/diario\/wp-content\/uploads\/2023\/07\/clerici-4-7-23.jpg","jetpack_shortlink":"https:\/\/wp.me\/p62QDO-adF","jetpack_sharing_enabled":true,"amp_enabled":true,"_links":{"self":[{"href":"https:\/\/armstrongyregion.com.ar\/diario\/wp-json\/wp\/v2\/posts\/39287","targetHints":{"allow":["GET"]}}],"collection":[{"href":"https:\/\/armstrongyregion.com.ar\/diario\/wp-json\/wp\/v2\/posts"}],"about":[{"href":"https:\/\/armstrongyregion.com.ar\/diario\/wp-json\/wp\/v2\/types\/post"}],"author":[{"embeddable":true,"href":"https:\/\/armstrongyregion.com.ar\/diario\/wp-json\/wp\/v2\/users\/1"}],"replies":[{"embeddable":true,"href":"https:\/\/armstrongyregion.com.ar\/diario\/wp-json\/wp\/v2\/comments?post=39287"}],"version-history":[{"count":1,"href":"https:\/\/armstrongyregion.com.ar\/diario\/wp-json\/wp\/v2\/posts\/39287\/revisions"}],"predecessor-version":[{"id":39290,"href":"https:\/\/armstrongyregion.com.ar\/diario\/wp-json\/wp\/v2\/posts\/39287\/revisions\/39290"}],"wp:featuredmedia":[{"embeddable":true,"href":"https:\/\/armstrongyregion.com.ar\/diario\/wp-json\/wp\/v2\/media\/39288"}],"wp:attachment":[{"href":"https:\/\/armstrongyregion.com.ar\/diario\/wp-json\/wp\/v2\/media?parent=39287"}],"wp:term":[{"taxonomy":"category","embeddable":true,"href":"https:\/\/armstrongyregion.com.ar\/diario\/wp-json\/wp\/v2\/categories?post=39287"},{"taxonomy":"post_tag","embeddable":true,"href":"https:\/\/armstrongyregion.com.ar\/diario\/wp-json\/wp\/v2\/tags?post=39287"}],"curies":[{"name":"wp","href":"https:\/\/api.w.org\/{rel}","templated":true}]}}