{"id":39282,"date":"2023-07-04T16:56:05","date_gmt":"2023-07-04T16:56:05","guid":{"rendered":"https:\/\/armstrongyregion.com.ar\/diario\/?p=39282"},"modified":"2023-07-04T16:56:08","modified_gmt":"2023-07-04T16:56:08","slug":"armstrong-elisa-carrio-presento-un-proyecto-para-eliminar-retenciones","status":"publish","type":"post","link":"https:\/\/armstrongyregion.com.ar\/diario\/armstrong-elisa-carrio-presento-un-proyecto-para-eliminar-retenciones\/","title":{"rendered":"Armstrong. Elisa Carri\u00f3 present\u00f3 un proyecto para eliminar retenciones."},"content":{"rendered":"\n<figure class=\"wp-block-image size-full\"><a href=\"http:\/\/armstrongyregion.com.ar\/diario\/wp-content\/uploads\/2023\/07\/lilita-1.jpg\"><img loading=\"lazy\" decoding=\"async\" width=\"470\" height=\"282\" src=\"http:\/\/armstrongyregion.com.ar\/diario\/wp-content\/uploads\/2023\/07\/lilita-1.jpg\" alt=\"\" class=\"wp-image-39283\" srcset=\"https:\/\/armstrongyregion.com.ar\/diario\/wp-content\/uploads\/2023\/07\/lilita-1.jpg 470w, https:\/\/armstrongyregion.com.ar\/diario\/wp-content\/uploads\/2023\/07\/lilita-1-300x180.jpg 300w\" sizes=\"auto, (max-width: 470px) 100vw, 470px\" \/><\/a><\/figure>\n\n\n\n<p>En la tarde del lunes, en el Centro Comercial, Industrial y Rural de nuestra ciudad, Elisa Carri\u00f3, present\u00f3 un proyecto de su autor\u00eda para eliminar las retenciones y brind\u00f3 detalles del bono que recibir\u00edan los productores.<\/p>\n\n\n\n<figure class=\"wp-block-image size-full\"><a href=\"http:\/\/armstrongyregion.com.ar\/diario\/wp-content\/uploads\/2023\/07\/lilita-2.jpg\"><img loading=\"lazy\" decoding=\"async\" width=\"500\" height=\"282\" src=\"http:\/\/armstrongyregion.com.ar\/diario\/wp-content\/uploads\/2023\/07\/lilita-2.jpg\" alt=\"\" class=\"wp-image-39284\" srcset=\"https:\/\/armstrongyregion.com.ar\/diario\/wp-content\/uploads\/2023\/07\/lilita-2.jpg 500w, https:\/\/armstrongyregion.com.ar\/diario\/wp-content\/uploads\/2023\/07\/lilita-2-300x169.jpg 300w\" sizes=\"auto, (max-width: 500px) 100vw, 500px\" \/><\/a><\/figure>\n\n\n\n<p>Estuvo acompa\u00f1ada por el candidato a Diputado Nacional <strong>Gerardo Colotti<\/strong>, Diputadas Provinciales <strong>Lucila Lehmann<\/strong> y <strong>Julieta Molina.<\/strong> Tambien estaba presente la precandidata a concejal de Coalici\u00f3n C\u00edvica <strong>Andrea Tosi.<\/strong><\/p>\n\n\n\n<figure class=\"wp-block-image size-full\"><a href=\"http:\/\/armstrongyregion.com.ar\/diario\/wp-content\/uploads\/2023\/07\/lilita-3.jpg\"><img loading=\"lazy\" decoding=\"async\" width=\"500\" height=\"282\" src=\"http:\/\/armstrongyregion.com.ar\/diario\/wp-content\/uploads\/2023\/07\/lilita-3.jpg\" alt=\"\" class=\"wp-image-39285\" srcset=\"https:\/\/armstrongyregion.com.ar\/diario\/wp-content\/uploads\/2023\/07\/lilita-3.jpg 500w, https:\/\/armstrongyregion.com.ar\/diario\/wp-content\/uploads\/2023\/07\/lilita-3-300x169.jpg 300w\" sizes=\"auto, (max-width: 500px) 100vw, 500px\" \/><\/a><\/figure>\n\n\n\n<p><\/p>\n\n\n\n<p>&nbsp;El proyecto elaborado por&nbsp;<a href=\"https:\/\/news.agrofy.com.ar\/tags\/elisa-carrio\" target=\"_blank\" rel=\"noreferrer noopener\">Elisa Carri\u00f3<\/a>&nbsp; propone la eliminaci\u00f3n inmediata de las retenciones agropecuarias, a excepci\u00f3n de aquellas que se aplican a la&nbsp;<a href=\"https:\/\/news.agrofy.com.ar\/tags\/soja\" target=\"_blank\" rel=\"noreferrer noopener\">soja<\/a>, que se estipula reducir al 31%, para luego eliminarlas por completo en un plazo de 5 a\u00f1os.<\/p>\n\n\n\n<p>Durante ese per\u00edodo, que&nbsp;<strong>permitir\u00e1 al pr\u00f3ximo gobierno ordenar las cuentas p\u00fablicas y poner fin al d\u00e9ficit fiscal,<\/strong>&nbsp;el proyecto contempla un mecanismo de compensaci\u00f3n para los productores. Este mecanismo consiste en la emisi\u00f3n de certificados canjeables por bonos, cuyo valor nominal equivaldr\u00e1 al monto de los&nbsp;<a href=\"https:\/\/news.agrofy.com.ar\/tags\/retenciones\" target=\"_blank\" rel=\"noreferrer noopener\">derechos de exportaci\u00f3n abonados.<\/a><\/p>\n\n\n\n<h2 class=\"wp-block-heading\">Plan para eliminar retenciones de Elisa Carri\u00f3<\/h2>\n\n\n\n<p>La&nbsp;<strong>propuesta apunta a reconocer el aporte del campo a la normalizaci\u00f3n de la situaci\u00f3n fiscal y financiera del pa\u00eds<\/strong>, brind\u00e1ndole a los productores agropecuarios, en relaci\u00f3n a la soja (que s\u00f3lo continuar\u00e1 pagando derechos de exportaci\u00f3n de manera provisoria), la posibilidad de obtener ingresos inmediatos mediante la negociaci\u00f3n en el mercado secundario de los bonos compensatorios. A su vez, los productores podr\u00e1n destinar los&nbsp;<strong>bonos compensatorios obtenidos al pago de impuestos<\/strong>, aceptados a valor nominal, por un porcentaje de lo que inviertan en nuevos proyectos de inversi\u00f3n, o conservarlos para su cobro al vencimiento del plazo de cinco a\u00f1os desde su emisi\u00f3n.<\/p>\n\n\n\n<p>\u201cLos&nbsp;<a href=\"https:\/\/news.agrofy.com.ar\/noticia\/205283\/unicos-mundo-insolito-mapa-paises-que-desincentivan-exportaciones-y-propuesta\" target=\"_blank\" rel=\"noreferrer noopener\">derechos de exportaci\u00f3n o retenciones son pr\u00e1cticamente inexistentes en el mundo<\/a>&nbsp;y no los tienen ningunos de nuestros vecinos en la regi\u00f3n con los que competimos. Son menos de quince pa\u00edses los que lo aplican, y menos de cinco los que tienen al\u00edcuotas y niveles de recaudaci\u00f3n iguales o superiores a los de Argentina\u201d, sostiene el proyecto en sus fundamentos. \u201cEste tributo genera un desincentivo directo a la producci\u00f3n de bienes exportables, cuyo efecto es doblemente distorsivo, dado que penaliza al mayor proveedor de divisas en un contexto de fragilidad financiera\u201d, agreg\u00f3.<\/p>\n\n\n\n<p><strong>La Coalici\u00f3n C\u00edvica mantiene un compromiso hist\u00f3rico: \u201cdejar en paz al campo\u201d<\/strong>. \u201cEsto no puede ser de otra manera que con la eliminaci\u00f3n total de todas las retenciones en el menor tiempo posible. Es por ello que proponemos un mecanismo indirecto y transitorio para corregir esta anomal\u00eda tributaria en el caso de los bienes con mayor peso en el total de la recaudaci\u00f3n\u201d, afirma el proyecto elaborado por la fundadora de la CC.<\/p>\n","protected":false},"excerpt":{"rendered":"<p>En la tarde del lunes, en el Centro Comercial, Industrial y Rural de nuestra ciudad, Elisa Carri\u00f3, present\u00f3 un proyecto de su autor\u00eda para eliminar las retenciones y brind\u00f3 detalles del bono que recibir\u00edan los productores. Estuvo acompa\u00f1ada por el candidato a Diputado Nacional Gerardo Colotti, Diputadas Provinciales Lucila Lehmann y Julieta Molina. Tambien estaba <a href=\"https:\/\/armstrongyregion.com.ar\/diario\/armstrong-elisa-carrio-presento-un-proyecto-para-eliminar-retenciones\/\" title=\"Read more\" >&#8230;<\/a><\/p>\n","protected":false},"author":1,"featured_media":39285,"comment_status":"open","ping_status":"open","sticky":false,"template":"","format":"image","meta":{"_jetpack_memberships_contains_paid_content":false,"footnotes":"","jetpack_publicize_message":"","jetpack_publicize_feature_enabled":true,"jetpack_social_post_already_shared":true,"jetpack_social_options":{"image_generator_settings":{"template":"highway","default_image_id":0,"enabled":false},"version":2}},"categories":[8,1,2,7,3],"tags":[20,9558,639,192],"class_list":["post-39282","post","type-post","status-publish","format-image","has-post-thumbnail","hentry","category-deliberando","category-diario-armstrong","category-locales","category-politica","category-region","tag-armstrong","tag-elisa-carrio","tag-proyecto","tag-un","post_format-post-format-image"],"jetpack_publicize_connections":[],"jetpack_featured_media_url":"https:\/\/armstrongyregion.com.ar\/diario\/wp-content\/uploads\/2023\/07\/lilita-3.jpg","jetpack_shortlink":"https:\/\/wp.me\/p62QDO-adA","jetpack_sharing_enabled":true,"amp_enabled":true,"_links":{"self":[{"href":"https:\/\/armstrongyregion.com.ar\/diario\/wp-json\/wp\/v2\/posts\/39282","targetHints":{"allow":["GET"]}}],"collection":[{"href":"https:\/\/armstrongyregion.com.ar\/diario\/wp-json\/wp\/v2\/posts"}],"about":[{"href":"https:\/\/armstrongyregion.com.ar\/diario\/wp-json\/wp\/v2\/types\/post"}],"author":[{"embeddable":true,"href":"https:\/\/armstrongyregion.com.ar\/diario\/wp-json\/wp\/v2\/users\/1"}],"replies":[{"embeddable":true,"href":"https:\/\/armstrongyregion.com.ar\/diario\/wp-json\/wp\/v2\/comments?post=39282"}],"version-history":[{"count":1,"href":"https:\/\/armstrongyregion.com.ar\/diario\/wp-json\/wp\/v2\/posts\/39282\/revisions"}],"predecessor-version":[{"id":39286,"href":"https:\/\/armstrongyregion.com.ar\/diario\/wp-json\/wp\/v2\/posts\/39282\/revisions\/39286"}],"wp:featuredmedia":[{"embeddable":true,"href":"https:\/\/armstrongyregion.com.ar\/diario\/wp-json\/wp\/v2\/media\/39285"}],"wp:attachment":[{"href":"https:\/\/armstrongyregion.com.ar\/diario\/wp-json\/wp\/v2\/media?parent=39282"}],"wp:term":[{"taxonomy":"category","embeddable":true,"href":"https:\/\/armstrongyregion.com.ar\/diario\/wp-json\/wp\/v2\/categories?post=39282"},{"taxonomy":"post_tag","embeddable":true,"href":"https:\/\/armstrongyregion.com.ar\/diario\/wp-json\/wp\/v2\/tags?post=39282"}],"curies":[{"name":"wp","href":"https:\/\/api.w.org\/{rel}","templated":true}]}}