{"id":39276,"date":"2023-07-04T02:53:50","date_gmt":"2023-07-04T02:53:50","guid":{"rendered":"https:\/\/armstrongyregion.com.ar\/diario\/?p=39276"},"modified":"2023-07-04T02:53:53","modified_gmt":"2023-07-04T02:53:53","slug":"este-martes-en-deliberando-los-precandidatos-a-senador-por-el-departamento-belgrano-dan-su-posicion","status":"publish","type":"post","link":"https:\/\/armstrongyregion.com.ar\/diario\/este-martes-en-deliberando-los-precandidatos-a-senador-por-el-departamento-belgrano-dan-su-posicion\/","title":{"rendered":"Este martes en DELIBERANDO los precandidatos a senador por el departamento Belgrano dan su posici\u00f3n."},"content":{"rendered":"\n<figure class=\"wp-block-image size-full\"><a href=\"http:\/\/armstrongyregion.com.ar\/diario\/wp-content\/uploads\/2023\/07\/Verdecchia-4-7-.jpg\"><img loading=\"lazy\" decoding=\"async\" width=\"360\" height=\"203\" src=\"http:\/\/armstrongyregion.com.ar\/diario\/wp-content\/uploads\/2023\/07\/Verdecchia-4-7-.jpg\" alt=\"\" class=\"wp-image-39277\" srcset=\"https:\/\/armstrongyregion.com.ar\/diario\/wp-content\/uploads\/2023\/07\/Verdecchia-4-7-.jpg 360w, https:\/\/armstrongyregion.com.ar\/diario\/wp-content\/uploads\/2023\/07\/Verdecchia-4-7--300x169.jpg 300w\" sizes=\"auto, (max-width: 360px) 100vw, 360px\" \/><\/a><\/figure>\n\n\n\n<p>Ante la inminente realizaci\u00f3n de las PASO, los distintos representantes para llegar a la c\u00e1mara alta de la provincia pasan por nuestro programa.<\/p>\n\n\n\n<p>El actual intendente de Armstrong, Dr. Pablo Verdecchia, ir\u00e1 a las primarias dentro del Frente Santa Fe Puede. Luego compartiremos un bloque con quien ir\u00e1 por un tercer per\u00edodo el actual senador Guillermo Cornaglia, identificado como Elijo Hacer. <\/p>\n\n\n\n<figure class=\"wp-block-image size-full\"><a href=\"http:\/\/armstrongyregion.com.ar\/diario\/wp-content\/uploads\/2023\/07\/cornaglia-4-7-23.jpg\"><img loading=\"lazy\" decoding=\"async\" width=\"352\" height=\"203\" src=\"http:\/\/armstrongyregion.com.ar\/diario\/wp-content\/uploads\/2023\/07\/cornaglia-4-7-23.jpg\" alt=\"\" class=\"wp-image-39278\" srcset=\"https:\/\/armstrongyregion.com.ar\/diario\/wp-content\/uploads\/2023\/07\/cornaglia-4-7-23.jpg 352w, https:\/\/armstrongyregion.com.ar\/diario\/wp-content\/uploads\/2023\/07\/cornaglia-4-7-23-300x173.jpg 300w\" sizes=\"auto, (max-width: 352px) 100vw, 352px\" \/><\/a><\/figure>\n\n\n\n<p> El industrial parejense, Carlos Castellani, competir\u00e1 bajo el lema Es con Vos y sortear\u00e1 la interna el pr\u00f3ximo 16 de julio con el intendente armstronense.<\/p>\n\n\n\n<figure class=\"wp-block-image size-full\"><a href=\"http:\/\/armstrongyregion.com.ar\/diario\/wp-content\/uploads\/2023\/07\/castellani-4-7-23.jpg\"><img loading=\"lazy\" decoding=\"async\" width=\"360\" height=\"203\" src=\"http:\/\/armstrongyregion.com.ar\/diario\/wp-content\/uploads\/2023\/07\/castellani-4-7-23.jpg\" alt=\"\" class=\"wp-image-39279\" srcset=\"https:\/\/armstrongyregion.com.ar\/diario\/wp-content\/uploads\/2023\/07\/castellani-4-7-23.jpg 360w, https:\/\/armstrongyregion.com.ar\/diario\/wp-content\/uploads\/2023\/07\/castellani-4-7-23-300x169.jpg 300w\" sizes=\"auto, (max-width: 360px) 100vw, 360px\" \/><\/a><\/figure>\n\n\n\n<p>Por su parte el ex-senador Alberto Crossetti, dentro de Volver, intentar\u00e1 representar nuevamente al departamento Belgrano.<\/p>\n\n\n\n<figure class=\"wp-block-image size-full\"><a href=\"http:\/\/armstrongyregion.com.ar\/diario\/wp-content\/uploads\/2023\/07\/crossetti-4-7-23.jpg\"><img loading=\"lazy\" decoding=\"async\" width=\"360\" height=\"203\" src=\"http:\/\/armstrongyregion.com.ar\/diario\/wp-content\/uploads\/2023\/07\/crossetti-4-7-23.jpg\" alt=\"\" class=\"wp-image-39280\" srcset=\"https:\/\/armstrongyregion.com.ar\/diario\/wp-content\/uploads\/2023\/07\/crossetti-4-7-23.jpg 360w, https:\/\/armstrongyregion.com.ar\/diario\/wp-content\/uploads\/2023\/07\/crossetti-4-7-23-300x169.jpg 300w\" sizes=\"auto, (max-width: 360px) 100vw, 360px\" \/><\/a><\/figure>\n\n\n\n<p>Todos ante un mismo temario nos contar\u00e1n porque y para que quieren el cargo legislativo, carencias en el departamento Belgrano, gestiones que desde el senado deben realizarse en favor del departamento y los motivos por los cuales lo habitantes del Dpto. Belgrano deben votarlos.<\/p>\n\n\n\n<p>Programa Estreno Martes 4 de Julio 2023.<\/p>\n\n\n\n<p>Reiteraciones Mi\u00e9rcoles 13,30hs y Domingos 12,30hs.<\/p>\n\n\n\n<p>Este martes en DELIBERANDO, con la conducci\u00f3n de la licenciada Graciela de la Casa y Oscar Crispino.<\/p>\n","protected":false},"excerpt":{"rendered":"<p>Ante la inminente realizaci\u00f3n de las PASO, los distintos representantes para llegar a la c\u00e1mara alta de la provincia pasan por nuestro programa. El actual intendente de Armstrong, Dr. Pablo Verdecchia, ir\u00e1 a las primarias dentro del Frente Santa Fe Puede. Luego compartiremos un bloque con quien ir\u00e1 por un tercer per\u00edodo el actual senador <a href=\"https:\/\/armstrongyregion.com.ar\/diario\/este-martes-en-deliberando-los-precandidatos-a-senador-por-el-departamento-belgrano-dan-su-posicion\/\" title=\"Read more\" >&#8230;<\/a><\/p>\n","protected":false},"author":1,"featured_media":39277,"comment_status":"open","ping_status":"open","sticky":false,"template":"","format":"image","meta":{"_jetpack_memberships_contains_paid_content":false,"footnotes":"","jetpack_publicize_message":"","jetpack_publicize_feature_enabled":true,"jetpack_social_post_already_shared":true,"jetpack_social_options":{"image_generator_settings":{"template":"highway","default_image_id":0,"enabled":false},"version":2}},"categories":[8,1,2,7,3],"tags":[33,8606,9556,9557,871,238],"class_list":["post-39276","post","type-post","status-publish","format-image","has-post-thumbnail","hentry","category-deliberando","category-diario-armstrong","category-locales","category-politica","category-region","tag-a","tag-belgrano-2","tag-delinerando","tag-el-departamento","tag-precandidatos","tag-senador","post_format-post-format-image"],"jetpack_publicize_connections":[],"jetpack_featured_media_url":"https:\/\/armstrongyregion.com.ar\/diario\/wp-content\/uploads\/2023\/07\/Verdecchia-4-7-.jpg","jetpack_shortlink":"https:\/\/wp.me\/p62QDO-adu","jetpack_sharing_enabled":true,"amp_enabled":true,"_links":{"self":[{"href":"https:\/\/armstrongyregion.com.ar\/diario\/wp-json\/wp\/v2\/posts\/39276","targetHints":{"allow":["GET"]}}],"collection":[{"href":"https:\/\/armstrongyregion.com.ar\/diario\/wp-json\/wp\/v2\/posts"}],"about":[{"href":"https:\/\/armstrongyregion.com.ar\/diario\/wp-json\/wp\/v2\/types\/post"}],"author":[{"embeddable":true,"href":"https:\/\/armstrongyregion.com.ar\/diario\/wp-json\/wp\/v2\/users\/1"}],"replies":[{"embeddable":true,"href":"https:\/\/armstrongyregion.com.ar\/diario\/wp-json\/wp\/v2\/comments?post=39276"}],"version-history":[{"count":1,"href":"https:\/\/armstrongyregion.com.ar\/diario\/wp-json\/wp\/v2\/posts\/39276\/revisions"}],"predecessor-version":[{"id":39281,"href":"https:\/\/armstrongyregion.com.ar\/diario\/wp-json\/wp\/v2\/posts\/39276\/revisions\/39281"}],"wp:featuredmedia":[{"embeddable":true,"href":"https:\/\/armstrongyregion.com.ar\/diario\/wp-json\/wp\/v2\/media\/39277"}],"wp:attachment":[{"href":"https:\/\/armstrongyregion.com.ar\/diario\/wp-json\/wp\/v2\/media?parent=39276"}],"wp:term":[{"taxonomy":"category","embeddable":true,"href":"https:\/\/armstrongyregion.com.ar\/diario\/wp-json\/wp\/v2\/categories?post=39276"},{"taxonomy":"post_tag","embeddable":true,"href":"https:\/\/armstrongyregion.com.ar\/diario\/wp-json\/wp\/v2\/tags?post=39276"}],"curies":[{"name":"wp","href":"https:\/\/api.w.org\/{rel}","templated":true}]}}