{"id":39269,"date":"2023-07-04T01:49:49","date_gmt":"2023-07-04T01:49:49","guid":{"rendered":"https:\/\/armstrongyregion.com.ar\/diario\/?p=39269"},"modified":"2023-07-04T01:49:53","modified_gmt":"2023-07-04T01:49:53","slug":"se-encuentra-abierta-la-inscripcion-al-curso-micaela-para-la-ciudadania","status":"publish","type":"post","link":"https:\/\/armstrongyregion.com.ar\/diario\/se-encuentra-abierta-la-inscripcion-al-curso-micaela-para-la-ciudadania\/","title":{"rendered":"Se encuentra abierta la inscripci\u00f3n al curso \u201cMicaela para la Ciudadan\u00eda\u201d."},"content":{"rendered":"\n<figure class=\"wp-block-image size-full\"><a href=\"http:\/\/armstrongyregion.com.ar\/diario\/wp-content\/uploads\/2023\/07\/micaela-ciudadania-3-7-23-.jpg\"><img loading=\"lazy\" decoding=\"async\" width=\"594\" height=\"334\" src=\"http:\/\/armstrongyregion.com.ar\/diario\/wp-content\/uploads\/2023\/07\/micaela-ciudadania-3-7-23-.jpg\" alt=\"\" class=\"wp-image-39270\" srcset=\"https:\/\/armstrongyregion.com.ar\/diario\/wp-content\/uploads\/2023\/07\/micaela-ciudadania-3-7-23-.jpg 594w, https:\/\/armstrongyregion.com.ar\/diario\/wp-content\/uploads\/2023\/07\/micaela-ciudadania-3-7-23--300x169.jpg 300w\" sizes=\"auto, (max-width: 594px) 100vw, 594px\" \/><\/a><\/figure>\n\n\n\n<h2 class=\"wp-block-heading\">La iniciativa est\u00e1 dirigida a santafesinos y santafesinas mayores de 16 a\u00f1os que quieran formarse en perspectiva de g\u00e9nero y diversidad. El curso es gratuito, asincr\u00f3nico y virtual.<\/h2>\n\n\n\n<p>El Gobierno provincial, a trav\u00e9s del Ministerio de Igualdad, G\u00e9nero y Diversidad, invita a santafesinos y santafesinas a inscribirse a la sensibilizaci\u00f3n en g\u00e9nero y diversidad \u201cMicaela para la Ciudadan\u00eda\u201d.<\/p>\n\n\n\n<p>Los interesados puede inscribirse en el sitio web&nbsp;<a href=\"https:\/\/www.santafe.gob.ar\/leymicaela\/curso\/ciudadania\/info\" target=\"_blank\" rel=\"noreferrer noopener\">Formaci\u00f3n para la Igualdad<\/a>, donde tambi\u00e9n se realiza el curso.<\/p>\n\n\n\n<p>\u201cMicaela para la ciudadan\u00eda\u201d es una sensibilizaci\u00f3n gratuita, virtual y asincr\u00f3nica. Cuenta con actividades y recursos pedag\u00f3gicos que introducen al enfoque de g\u00e9nero y diversidad y a las violencias por razones de g\u00e9nero.<\/p>\n\n\n\n<p>Las personas interesadas en realizarla podr\u00e1n obtener m\u00e1s informaci\u00f3n y realizar el curso ingresando al sitio web Formaci\u00f3n para la Igualdad, del gobierno de la provincia de Santa Fe. La propuesta es abierta a toda la ciudadan\u00eda y los \u00fanicos requisitos son ser mayor de 16 a\u00f1os y residir en la provincia de Santa Fe.<\/p>\n\n\n\n<p>Es preciso aclarar que este curso no reemplaza al curso de Capacitaci\u00f3n Obligatoria en G\u00e9nero para trabajadoras y trabajadores de la Administraci\u00f3n P\u00fablica Provincial, en el marco de la ley Provincial N\u00ba 13.891.<\/p>\n","protected":false},"excerpt":{"rendered":"<p>La iniciativa est\u00e1 dirigida a santafesinos y santafesinas mayores de 16 a\u00f1os que quieran formarse en perspectiva de g\u00e9nero y diversidad. El curso es gratuito, asincr\u00f3nico y virtual. El Gobierno provincial, a trav\u00e9s del Ministerio de Igualdad, G\u00e9nero y Diversidad, invita a santafesinos y santafesinas a inscribirse a la sensibilizaci\u00f3n en g\u00e9nero y diversidad \u201cMicaela <a href=\"https:\/\/armstrongyregion.com.ar\/diario\/se-encuentra-abierta-la-inscripcion-al-curso-micaela-para-la-ciudadania\/\" title=\"Read more\" >&#8230;<\/a><\/p>\n","protected":false},"author":1,"featured_media":39270,"comment_status":"open","ping_status":"open","sticky":false,"template":"","format":"image","meta":{"_jetpack_memberships_contains_paid_content":false,"footnotes":"","jetpack_publicize_message":"","jetpack_publicize_feature_enabled":true,"jetpack_social_post_already_shared":true,"jetpack_social_options":{"image_generator_settings":{"template":"highway","default_image_id":0,"enabled":false},"version":2}},"categories":[6,8,1,2,7,3],"tags":[433,8643,9508,2278,31,8571,81,86],"class_list":["post-39269","post","type-post","status-publish","format-image","has-post-thumbnail","hentry","category-cultura-entretenimiento","category-deliberando","category-diario-armstrong","category-locales","category-politica","category-region","tag-abierta","tag-ciudadania-2","tag-encuentra","tag-inscripcion","tag-la","tag-micaela","tag-para","tag-se","post_format-post-format-image"],"jetpack_publicize_connections":[],"jetpack_featured_media_url":"https:\/\/armstrongyregion.com.ar\/diario\/wp-content\/uploads\/2023\/07\/micaela-ciudadania-3-7-23-.jpg","jetpack_shortlink":"https:\/\/wp.me\/p62QDO-adn","jetpack_sharing_enabled":true,"amp_enabled":true,"_links":{"self":[{"href":"https:\/\/armstrongyregion.com.ar\/diario\/wp-json\/wp\/v2\/posts\/39269","targetHints":{"allow":["GET"]}}],"collection":[{"href":"https:\/\/armstrongyregion.com.ar\/diario\/wp-json\/wp\/v2\/posts"}],"about":[{"href":"https:\/\/armstrongyregion.com.ar\/diario\/wp-json\/wp\/v2\/types\/post"}],"author":[{"embeddable":true,"href":"https:\/\/armstrongyregion.com.ar\/diario\/wp-json\/wp\/v2\/users\/1"}],"replies":[{"embeddable":true,"href":"https:\/\/armstrongyregion.com.ar\/diario\/wp-json\/wp\/v2\/comments?post=39269"}],"version-history":[{"count":2,"href":"https:\/\/armstrongyregion.com.ar\/diario\/wp-json\/wp\/v2\/posts\/39269\/revisions"}],"predecessor-version":[{"id":39272,"href":"https:\/\/armstrongyregion.com.ar\/diario\/wp-json\/wp\/v2\/posts\/39269\/revisions\/39272"}],"wp:featuredmedia":[{"embeddable":true,"href":"https:\/\/armstrongyregion.com.ar\/diario\/wp-json\/wp\/v2\/media\/39270"}],"wp:attachment":[{"href":"https:\/\/armstrongyregion.com.ar\/diario\/wp-json\/wp\/v2\/media?parent=39269"}],"wp:term":[{"taxonomy":"category","embeddable":true,"href":"https:\/\/armstrongyregion.com.ar\/diario\/wp-json\/wp\/v2\/categories?post=39269"},{"taxonomy":"post_tag","embeddable":true,"href":"https:\/\/armstrongyregion.com.ar\/diario\/wp-json\/wp\/v2\/tags?post=39269"}],"curies":[{"name":"wp","href":"https:\/\/api.w.org\/{rel}","templated":true}]}}