{"id":39248,"date":"2023-07-03T03:33:38","date_gmt":"2023-07-03T03:33:38","guid":{"rendered":"https:\/\/armstrongyregion.com.ar\/diario\/?p=39248"},"modified":"2023-07-03T03:33:40","modified_gmt":"2023-07-03T03:33:40","slug":"implante-capilar-por-dra-debora-velazquez","status":"publish","type":"post","link":"https:\/\/armstrongyregion.com.ar\/diario\/implante-capilar-por-dra-debora-velazquez\/","title":{"rendered":"Implante Capilar. Por Dra. D\u00e9bora Velazquez."},"content":{"rendered":"\n<figure class=\"wp-block-image size-full\"><a href=\"http:\/\/armstrongyregion.com.ar\/diario\/wp-content\/uploads\/2023\/07\/dra.-Debora-Velazquez-.jpg\"><img loading=\"lazy\" decoding=\"async\" width=\"693\" height=\"405\" src=\"http:\/\/armstrongyregion.com.ar\/diario\/wp-content\/uploads\/2023\/07\/dra.-Debora-Velazquez-.jpg\" alt=\"\" class=\"wp-image-39249\" srcset=\"https:\/\/armstrongyregion.com.ar\/diario\/wp-content\/uploads\/2023\/07\/dra.-Debora-Velazquez-.jpg 693w, https:\/\/armstrongyregion.com.ar\/diario\/wp-content\/uploads\/2023\/07\/dra.-Debora-Velazquez--300x175.jpg 300w\" sizes=\"auto, (max-width: 693px) 100vw, 693px\" \/><\/a><\/figure>\n\n\n\n<h2 class=\"wp-block-heading\"><strong>El microinjerto (o trasplante capilar) es una intervenci\u00f3n quir\u00fargica que supone la soluci\u00f3n m\u00e1s avanzada para la recuperaci\u00f3n del cabello y se aplica tanto a hombres como a mujeres.<\/strong>\u00a0Consiste en\u00a0<strong>recuperar el pelo perdido a trav\u00e9s de un auto trasplante capilar<\/strong>, sin posibilidad de rechazo, en tan s\u00f3lo unas horas, sin hospitalizaci\u00f3n y con anestesia local.<\/h2>\n\n\n\n<p><strong>El implante capilar es una intervenci\u00f3n muy sencilla<\/strong>. Para poder realizar un trasplante de cabello es necesario realizar un\u00a0<a href=\"https:\/\/www.svenson.es\/servicios-centros-cabello\/diagnostico-cabello\/\">examen capilar<\/a>\u00a0y obtener un historial cl\u00ednico con el que los especialistas pueden analizar su viabilidad y su adecuaci\u00f3n a las caracter\u00edsticas del paciente, a su\u00a0<a href=\"https:\/\/www.svenson.es\/tipos-de-alopecia\/\">tipo de alopecia<\/a>\u00a0y a la extensi\u00f3n del \u00e1rea que debe cubrirse con nuevo pelo. En caso de ser la soluci\u00f3n recomendable para su caso, los especialistas realizar\u00e1n un dise\u00f1o de la zona del cuero cabelludo en la que se quiere recuperar el pelo.<\/p>\n\n\n\n<p>Fuente: Programa Prevenci\u00f3n y Salud.<\/p>\n\n\n\n<p>Dra. D\u00e9bora Vel\u00e1zquez.<\/p>\n\n\n\n<p>Programa Estreno: Lunes 13, 30hs. 3 de Julio-<\/p>\n\n\n\n<p>Reiteraciones: Jueves 20, 00hs y Sabados 20,30hs.<\/p>\n","protected":false},"excerpt":{"rendered":"<p>El microinjerto (o trasplante capilar) es una intervenci\u00f3n quir\u00fargica que supone la soluci\u00f3n m\u00e1s avanzada para la recuperaci\u00f3n del cabello y se aplica tanto a hombres como a mujeres.\u00a0Consiste en\u00a0recuperar el pelo perdido a trav\u00e9s de un auto trasplante capilar, sin posibilidad de rechazo, en tan s\u00f3lo unas horas, sin hospitalizaci\u00f3n y con anestesia local. <a href=\"https:\/\/armstrongyregion.com.ar\/diario\/implante-capilar-por-dra-debora-velazquez\/\" title=\"Read more\" >&#8230;<\/a><\/p>\n","protected":false},"author":1,"featured_media":39249,"comment_status":"open","ping_status":"open","sticky":false,"template":"","format":"image","meta":{"_jetpack_memberships_contains_paid_content":false,"footnotes":"","jetpack_publicize_message":"","jetpack_publicize_feature_enabled":true,"jetpack_social_post_already_shared":true,"jetpack_social_options":{"image_generator_settings":{"template":"highway","default_image_id":0,"enabled":false},"version":2}},"categories":[8,1,2,4,3],"tags":[9550,9551,9549,9552],"class_list":["post-39248","post","type-post","status-publish","format-image","has-post-thumbnail","hentry","category-deliberando","category-diario-armstrong","category-locales","category-prevencion-salud","category-region","tag-capilar","tag-dra-debora","tag-implante","tag-velazquez","post_format-post-format-image"],"jetpack_publicize_connections":[],"jetpack_featured_media_url":"https:\/\/armstrongyregion.com.ar\/diario\/wp-content\/uploads\/2023\/07\/dra.-Debora-Velazquez-.jpg","jetpack_shortlink":"https:\/\/wp.me\/p62QDO-ad2","jetpack_sharing_enabled":true,"amp_enabled":true,"_links":{"self":[{"href":"https:\/\/armstrongyregion.com.ar\/diario\/wp-json\/wp\/v2\/posts\/39248","targetHints":{"allow":["GET"]}}],"collection":[{"href":"https:\/\/armstrongyregion.com.ar\/diario\/wp-json\/wp\/v2\/posts"}],"about":[{"href":"https:\/\/armstrongyregion.com.ar\/diario\/wp-json\/wp\/v2\/types\/post"}],"author":[{"embeddable":true,"href":"https:\/\/armstrongyregion.com.ar\/diario\/wp-json\/wp\/v2\/users\/1"}],"replies":[{"embeddable":true,"href":"https:\/\/armstrongyregion.com.ar\/diario\/wp-json\/wp\/v2\/comments?post=39248"}],"version-history":[{"count":2,"href":"https:\/\/armstrongyregion.com.ar\/diario\/wp-json\/wp\/v2\/posts\/39248\/revisions"}],"predecessor-version":[{"id":39251,"href":"https:\/\/armstrongyregion.com.ar\/diario\/wp-json\/wp\/v2\/posts\/39248\/revisions\/39251"}],"wp:featuredmedia":[{"embeddable":true,"href":"https:\/\/armstrongyregion.com.ar\/diario\/wp-json\/wp\/v2\/media\/39249"}],"wp:attachment":[{"href":"https:\/\/armstrongyregion.com.ar\/diario\/wp-json\/wp\/v2\/media?parent=39248"}],"wp:term":[{"taxonomy":"category","embeddable":true,"href":"https:\/\/armstrongyregion.com.ar\/diario\/wp-json\/wp\/v2\/categories?post=39248"},{"taxonomy":"post_tag","embeddable":true,"href":"https:\/\/armstrongyregion.com.ar\/diario\/wp-json\/wp\/v2\/tags?post=39248"}],"curies":[{"name":"wp","href":"https:\/\/api.w.org\/{rel}","templated":true}]}}