{"id":39241,"date":"2023-07-02T23:14:06","date_gmt":"2023-07-02T23:14:06","guid":{"rendered":"https:\/\/armstrongyregion.com.ar\/diario\/?p=39241"},"modified":"2023-07-02T23:14:09","modified_gmt":"2023-07-02T23:14:09","slug":"giaccone-la-gente-necesita-dirigentes-mas-cercanos-y-con-empatia","status":"publish","type":"post","link":"https:\/\/armstrongyregion.com.ar\/diario\/giaccone-la-gente-necesita-dirigentes-mas-cercanos-y-con-empatia\/","title":{"rendered":"Giaccone: \u00abLa Gente Necesita Dirigentes Mas Cercanos y con Empat\u00eda\u00bb"},"content":{"rendered":"\n<figure class=\"wp-block-image size-full\"><a href=\"http:\/\/armstrongyregion.com.ar\/diario\/wp-content\/uploads\/2023\/07\/giaccone.jpg\"><img loading=\"lazy\" decoding=\"async\" width=\"500\" height=\"367\" src=\"http:\/\/armstrongyregion.com.ar\/diario\/wp-content\/uploads\/2023\/07\/giaccone.jpg\" alt=\"\" class=\"wp-image-39242\" srcset=\"https:\/\/armstrongyregion.com.ar\/diario\/wp-content\/uploads\/2023\/07\/giaccone.jpg 500w, https:\/\/armstrongyregion.com.ar\/diario\/wp-content\/uploads\/2023\/07\/giaccone-300x220.jpg 300w\" sizes=\"auto, (max-width: 500px) 100vw, 500px\" \/><\/a><\/figure>\n\n\n\n<p>La precandidata a Diputada Provincial por el \u201cFrente de la Esperanza\u201d,&nbsp; hizo un peque\u00f1o recorrido de su extensa actividad legislativa, analiz\u00f3 la situaci\u00f3n que vive la provincia de Santa Fe en la actualidad y coment\u00f3 un poco sobre la conformaci\u00f3n del nuevo espacio que integra. Adem\u00e1s la dirigente oriunda de Casilda hizo \u00e9nfasis en la importancia que tienen las elecciones PASO para aquellos postulantes que no forman parte de los grandes frentes provinciales.<\/p>\n\n\n\n<p><strong>\u201c<\/strong>Recorrer por recorrer casi haciendo turismo es un poco molesto. Cuando arranca la campa\u00f1a todo el mundo recorre, visitan una f\u00e1brica, una biblioteca y despu\u00e9s no vuelven m\u00e1s o esa visita no gener\u00f3 nada. Yo amo la pol\u00edtica, es una forma de vida y cuando vos ingres\u00e1s ten\u00e9s que construir\u201d, indic\u00f3 la precandeidata a diputada provincial<\/p>\n\n\n\n<p>En ese orden agreg\u00f3: \u201cNo es llegar, sacarse una foto e irse. Hay que escuchar, activar y transformar en proyectos, leyes o reglamentos. Si vas a un club pod\u00e9s generar la ley de Derecho de Formaci\u00f3n Deportiva o la ley de Clubes de Barrio como lo hicimos a nivel nacional. Nosotros sancionamos el monotributo deportivo porque escuchamos los problemas que tienen las comisiones en los clubes. Entonces recorramos, escuchemos y luego hay que trabajar\u201d.<\/p>\n\n\n\n<p><strong>En tanto, Giaccone abord\u00f3 el tema de no solo presentar proyectos sino seguir con el paso mas profundo que es trabajar para su aprobaci\u00f3n y posterior reglamentaci\u00f3n: \u201c<\/strong>Esas son las cosas que pasan en esta campa\u00f1a, en donde escuch\u00e1s present\u00e9 254 proyectos, yo tambi\u00e9n puedo pagar un abogado, redacto, busco en internet, hago un proyecto de bullying, otro de perros y listo. Pero las leyes nacen de las necesidades, de la demanda o de una propuesta y luego hay que transitar comisi\u00f3n por comisi\u00f3n, tanto en tu c\u00e1mara para lograr la media sanci\u00f3n, como en la c\u00e1mara de senadores\u201d, arremeti\u00f3<\/p>\n\n\n\n<p>Por ejemplo, La ley del Derecho de Formaci\u00f3n Deportiva, \u201cfue un hijo para m\u00ed porque tuve que transpirar cuatro a\u00f1os para que salga en la \u00faltima sesi\u00f3n ordinaria. Lo mismo ocurri\u00f3 en el senado y en ambos lugares sali\u00f3 por unanimidad. Eso implica que vos estuviste persuadiendo, consensuando y modificando cosas para que nos votaran bloques distintos con otra visi\u00f3n. La Ley de la Ense\u00f1anza del Folklore la present\u00e9 dos veces porque se cay\u00f3, tuve que trabajar con cada uno de los senadores e incluso con la gente, y al final la vet\u00f3 el gobernador Perotti\u201d, record\u00f3 Giaccone<\/p>\n\n\n\n<p><strong>Por su parte, la precandidata analiz\u00f3 sobre lo que pasa en territorio en diferentes rincones de la provincia se\u00f1alando que, \u201cse observa&nbsp;<\/strong>&nbsp;un corrimiento del Estado muy grande\u201d. \u201cNoto un trabajo social, cultural y deportivo que queda en manos de la comunidad que se hace cargo a trav\u00e9s del esfuerzo de los clubes, las bibliotecas, las cooperadoras, etc. No veo pol\u00edticas de fondo que incorporen el trabajo de estas instituciones y que lo fortalezca. En cuanto a la infraestructura tenemos ciudades enormes que presentan sectores sin cloacas o sin agua potable. Estos temas son m\u00e1s pertinentes al Ejecutivo pero el legislativo tiene que acompa\u00f1ar con su gesti\u00f3n y es muy importante en este momento recrear una esperanza basada en el trabajo\u201d, agreg\u00f3 y aparte mencion\u00f3 que, \u201cla gente presenta una baja credibilidad en su dirigencia pol\u00edtica, no conoce a los candidatos y lo peor es que no le interesa\u201d<\/p>\n\n\n\n<p><strong>En esa sinton\u00eda, Giaccone plante\u00f3 que l<\/strong>a calidad del debate pol\u00edtico \u201ccay\u00f3 much\u00edsimo, no tiene una agenda preponderante ni una gran presencia en la discusi\u00f3n p\u00fablico\u201d.<\/p>\n\n\n\n<p>\u201cMe ha tocado ser diputada nacional en el momento en que las personas miraban los debates porque hab\u00eda temas que concitaban el inter\u00e9s del p\u00fablico. Hoy tal vez eso es algo que qued\u00f3 encapsulado en debates ajenos a lo que le pasa a la gente. Por eso digo que hay que ir, visitar, escuchar y luego llevar eso al seno de la discusi\u00f3n en las diferentes c\u00e1maras, este es un desaf\u00edo que tiene toda la pol\u00edtica\u201d, agreg\u00f3 Giaccone y narr\u00f3 que su nuevo espacio&nbsp;&nbsp; &#8211;&nbsp;<strong>Frente de la Esperanza -, \u201cfue una propuesta que me hizo Ariel Cossoni junto con Ariel Sclafani, que es el presidente del partido, y me interes\u00f3 mucho salir de las grandes internas\u201d<\/strong><\/p>\n\n\n\n<p>En su mayor\u00eda somos justicialistas pero tambi\u00e9n hay gente de otros partidos. Somos un equipo de trabajo que quiere una pol\u00edtica cercana con otra sensibilidad. Yo me fui de la gesti\u00f3n de Perotti, en donde fui Secretaria de Deportes durante la pandemia e hicimos el protocolo que permiti\u00f3 abrir los clubes y los gimnasios antes que el resto del pa\u00eds, pero luego no encontramos apoyo ni acompa\u00f1amiento. Entonces queremos demostrar que somos algo diferente. Ir a una interna en el espacio donde est\u00e1 el actual gobernador cuando no estamos de acuerdo con \u00e9l, no es coherente\u201d, lanz\u00f3 la precandidata para ocupar una banca en Diputados<\/p>\n\n\n\n<p><strong>Por \u00faltimo Giaccone abord\u00f3 el tema de las Paso de este 16 de julio pr\u00f3ximo y dijo que, \u201ces sumamente importante la participaci\u00f3n del ciudadano y sin dudas&nbsp;<\/strong>y debemos tener en cuenta que hay que pasar un piso que no es menor para los que vamos por fuera de las grandes estructuras pol\u00edticas. Es importante que en las Paso se vote y se acompa\u00f1e para poder estar en las elecciones generales. Nosotros tenemos muchas expectativas, somos gente que nos gusta trabajar en cada lugar que nos ha tocado en la funci\u00f3n p\u00fablica, lo aprovechamos al m\u00e1ximo y se pueden hacer muchas cosas saliendo de los escritorios, en un momento donde la gente necesita dirigentes cercanos y con empat\u00eda\u201d, cerr\u00f3<\/p>\n","protected":false},"excerpt":{"rendered":"<p>La precandidata a Diputada Provincial por el \u201cFrente de la Esperanza\u201d,&nbsp; hizo un peque\u00f1o recorrido de su extensa actividad legislativa, analiz\u00f3 la situaci\u00f3n que vive la provincia de Santa Fe en la actualidad y coment\u00f3 un poco sobre la conformaci\u00f3n del nuevo espacio que integra. Adem\u00e1s la dirigente oriunda de Casilda hizo \u00e9nfasis en la <a href=\"https:\/\/armstrongyregion.com.ar\/diario\/giaccone-la-gente-necesita-dirigentes-mas-cercanos-y-con-empatia\/\" title=\"Read more\" >&#8230;<\/a><\/p>\n","protected":false},"author":1,"featured_media":39242,"comment_status":"open","ping_status":"open","sticky":false,"template":"","format":"image","meta":{"_jetpack_memberships_contains_paid_content":false,"footnotes":"","jetpack_publicize_message":"","jetpack_publicize_feature_enabled":true,"jetpack_social_post_already_shared":true,"jetpack_social_options":{"image_generator_settings":{"template":"highway","default_image_id":0,"enabled":false},"version":2}},"categories":[8,1,2,7,3],"tags":[595,980,9546,9545,1019,31,9022,9025],"class_list":["post-39241","post","type-post","status-publish","format-image","has-post-thumbnail","hentry","category-deliberando","category-diario-armstrong","category-locales","category-politica","category-region","tag-cercanos","tag-dirigentes","tag-empatia","tag-gente-2","tag-giaccone","tag-la","tag-mas-2","tag-necesita","post_format-post-format-image"],"jetpack_publicize_connections":[],"jetpack_featured_media_url":"https:\/\/armstrongyregion.com.ar\/diario\/wp-content\/uploads\/2023\/07\/giaccone.jpg","jetpack_shortlink":"https:\/\/wp.me\/p62QDO-acV","jetpack_sharing_enabled":true,"amp_enabled":true,"_links":{"self":[{"href":"https:\/\/armstrongyregion.com.ar\/diario\/wp-json\/wp\/v2\/posts\/39241","targetHints":{"allow":["GET"]}}],"collection":[{"href":"https:\/\/armstrongyregion.com.ar\/diario\/wp-json\/wp\/v2\/posts"}],"about":[{"href":"https:\/\/armstrongyregion.com.ar\/diario\/wp-json\/wp\/v2\/types\/post"}],"author":[{"embeddable":true,"href":"https:\/\/armstrongyregion.com.ar\/diario\/wp-json\/wp\/v2\/users\/1"}],"replies":[{"embeddable":true,"href":"https:\/\/armstrongyregion.com.ar\/diario\/wp-json\/wp\/v2\/comments?post=39241"}],"version-history":[{"count":1,"href":"https:\/\/armstrongyregion.com.ar\/diario\/wp-json\/wp\/v2\/posts\/39241\/revisions"}],"predecessor-version":[{"id":39243,"href":"https:\/\/armstrongyregion.com.ar\/diario\/wp-json\/wp\/v2\/posts\/39241\/revisions\/39243"}],"wp:featuredmedia":[{"embeddable":true,"href":"https:\/\/armstrongyregion.com.ar\/diario\/wp-json\/wp\/v2\/media\/39242"}],"wp:attachment":[{"href":"https:\/\/armstrongyregion.com.ar\/diario\/wp-json\/wp\/v2\/media?parent=39241"}],"wp:term":[{"taxonomy":"category","embeddable":true,"href":"https:\/\/armstrongyregion.com.ar\/diario\/wp-json\/wp\/v2\/categories?post=39241"},{"taxonomy":"post_tag","embeddable":true,"href":"https:\/\/armstrongyregion.com.ar\/diario\/wp-json\/wp\/v2\/tags?post=39241"}],"curies":[{"name":"wp","href":"https:\/\/api.w.org\/{rel}","templated":true}]}}