{"id":39237,"date":"2023-07-01T18:21:04","date_gmt":"2023-07-01T18:21:04","guid":{"rendered":"https:\/\/armstrongyregion.com.ar\/diario\/?p=39237"},"modified":"2023-07-01T18:21:07","modified_gmt":"2023-07-01T18:21:07","slug":"funcionarios-nacionales-presentaron-programas-de-empleo-en-armstrong","status":"publish","type":"post","link":"https:\/\/armstrongyregion.com.ar\/diario\/funcionarios-nacionales-presentaron-programas-de-empleo-en-armstrong\/","title":{"rendered":"Funcionarios Nacionales presentaron programas de empleo en Armstrong."},"content":{"rendered":"\n<figure class=\"wp-block-image size-full\"><a href=\"http:\/\/armstrongyregion.com.ar\/diario\/wp-content\/uploads\/2023\/07\/Tio-beto-1-.jpg\"><img loading=\"lazy\" decoding=\"async\" width=\"469\" height=\"282\" src=\"http:\/\/armstrongyregion.com.ar\/diario\/wp-content\/uploads\/2023\/07\/Tio-beto-1-.jpg\" alt=\"\" class=\"wp-image-39238\" srcset=\"https:\/\/armstrongyregion.com.ar\/diario\/wp-content\/uploads\/2023\/07\/Tio-beto-1-.jpg 469w, https:\/\/armstrongyregion.com.ar\/diario\/wp-content\/uploads\/2023\/07\/Tio-beto-1--300x180.jpg 300w\" sizes=\"auto, (max-width: 469px) 100vw, 469px\" \/><\/a><\/figure>\n\n\n\n<h2 class=\"wp-block-heading\">El precandidato a Senador por el Dep. Belgrano Alberto Crossetti encabezo el encuentro del que participaron empresarios, emprendedores y asociaciones civiles de la ciudad. El lugar del encuentro fue el centro de Jubilados.<\/h2>\n\n\n\n<h2 class=\"wp-block-heading\" id=\"block-fa4d9776-5ad5-4331-9a2f-f1a4c363a05e\"><sub><sup>Los funcionarios del Ministerio de Trabajo de la Naci\u00f3n llegaron para hablar con empresarios y microemprendedores, informaron y evacuaron dudas sobre lo que ofrece el Ministerio en capacitaci\u00f3n y empleo. Asociaciones civiles y ciudadanos se acercaron para asesoramiento y conocimiento de dichos beneficios.<\/sup><\/sub><\/h2>\n\n\n\n<figure class=\"wp-block-image size-full\"><a href=\"http:\/\/armstrongyregion.com.ar\/diario\/wp-content\/uploads\/2023\/07\/tio-beto-2.jpg\"><img loading=\"lazy\" decoding=\"async\" width=\"454\" height=\"282\" src=\"http:\/\/armstrongyregion.com.ar\/diario\/wp-content\/uploads\/2023\/07\/tio-beto-2.jpg\" alt=\"\" class=\"wp-image-39239\" srcset=\"https:\/\/armstrongyregion.com.ar\/diario\/wp-content\/uploads\/2023\/07\/tio-beto-2.jpg 454w, https:\/\/armstrongyregion.com.ar\/diario\/wp-content\/uploads\/2023\/07\/tio-beto-2-300x186.jpg 300w\" sizes=\"auto, (max-width: 454px) 100vw, 454px\" \/><\/a><\/figure>\n\n\n\n<p><strong>\u00abCreo que falta gesti\u00f3n hay que acercar el estado a la gente, los legisladores tienen que velar,  trabajar y ocuparse en estos temas; porque hay muchos proyectos para fomentar el empleo y al microemprendedor, hay que estar atentos a que eso ocurra porque es una muy buena herramienta y oportunidad para muchos vecinos y vecinas del departamento\u00bb. Dec\u00eda Crossetti. <\/strong><\/p>\n\n\n\n<h2 class=\"wp-block-heading\">En conferencia de prensa los temas expuestos por los funcionarios de naci\u00f3n fueron:<\/h2>\n\n\n\n<h2 class=\"wp-block-heading\">. Planes para empresas<br>. Capacitaci\u00f3n laboral<br>. Programa de inserci\u00f3n laboral<br>. Aportes y capacitaci\u00f3n para microemprendimientos<\/h2>\n\n\n\n<p><\/p>\n","protected":false},"excerpt":{"rendered":"<p>El precandidato a Senador por el Dep. Belgrano Alberto Crossetti encabezo el encuentro del que participaron empresarios, emprendedores y asociaciones civiles de la ciudad. El lugar del encuentro fue el centro de Jubilados. Los funcionarios del Ministerio de Trabajo de la Naci\u00f3n llegaron para hablar con empresarios y microemprendedores, informaron y evacuaron dudas sobre lo <a href=\"https:\/\/armstrongyregion.com.ar\/diario\/funcionarios-nacionales-presentaron-programas-de-empleo-en-armstrong\/\" title=\"Read more\" >&#8230;<\/a><\/p>\n","protected":false},"author":1,"featured_media":39238,"comment_status":"open","ping_status":"open","sticky":false,"template":"","format":"image","meta":{"_jetpack_memberships_contains_paid_content":false,"footnotes":"","jetpack_publicize_message":"","jetpack_publicize_feature_enabled":true,"jetpack_social_post_already_shared":true,"jetpack_social_options":{"image_generator_settings":{"template":"highway","default_image_id":0,"enabled":false},"version":2}},"categories":[6,8,5,7,3],"tags":[20,19,3849,9047,2172,4079],"class_list":["post-39237","post","type-post","status-publish","format-image","has-post-thumbnail","hentry","category-cultura-entretenimiento","category-deliberando","category-deportes","category-politica","category-region","tag-armstrong","tag-de","tag-funcionarios","tag-nacionales-2","tag-presentaron","tag-programas","post_format-post-format-image"],"jetpack_publicize_connections":[],"jetpack_featured_media_url":"https:\/\/armstrongyregion.com.ar\/diario\/wp-content\/uploads\/2023\/07\/Tio-beto-1-.jpg","jetpack_shortlink":"https:\/\/wp.me\/p62QDO-acR","jetpack_sharing_enabled":true,"amp_enabled":true,"_links":{"self":[{"href":"https:\/\/armstrongyregion.com.ar\/diario\/wp-json\/wp\/v2\/posts\/39237","targetHints":{"allow":["GET"]}}],"collection":[{"href":"https:\/\/armstrongyregion.com.ar\/diario\/wp-json\/wp\/v2\/posts"}],"about":[{"href":"https:\/\/armstrongyregion.com.ar\/diario\/wp-json\/wp\/v2\/types\/post"}],"author":[{"embeddable":true,"href":"https:\/\/armstrongyregion.com.ar\/diario\/wp-json\/wp\/v2\/users\/1"}],"replies":[{"embeddable":true,"href":"https:\/\/armstrongyregion.com.ar\/diario\/wp-json\/wp\/v2\/comments?post=39237"}],"version-history":[{"count":1,"href":"https:\/\/armstrongyregion.com.ar\/diario\/wp-json\/wp\/v2\/posts\/39237\/revisions"}],"predecessor-version":[{"id":39240,"href":"https:\/\/armstrongyregion.com.ar\/diario\/wp-json\/wp\/v2\/posts\/39237\/revisions\/39240"}],"wp:featuredmedia":[{"embeddable":true,"href":"https:\/\/armstrongyregion.com.ar\/diario\/wp-json\/wp\/v2\/media\/39238"}],"wp:attachment":[{"href":"https:\/\/armstrongyregion.com.ar\/diario\/wp-json\/wp\/v2\/media?parent=39237"}],"wp:term":[{"taxonomy":"category","embeddable":true,"href":"https:\/\/armstrongyregion.com.ar\/diario\/wp-json\/wp\/v2\/categories?post=39237"},{"taxonomy":"post_tag","embeddable":true,"href":"https:\/\/armstrongyregion.com.ar\/diario\/wp-json\/wp\/v2\/tags?post=39237"}],"curies":[{"name":"wp","href":"https:\/\/api.w.org\/{rel}","templated":true}]}}