{"id":39232,"date":"2023-07-01T17:26:11","date_gmt":"2023-07-01T17:26:11","guid":{"rendered":"https:\/\/armstrongyregion.com.ar\/diario\/?p=39232"},"modified":"2023-07-01T17:26:15","modified_gmt":"2023-07-01T17:26:15","slug":"vialidad-nacional-demarca-la-rn-1v09-en-canada-de-gomez","status":"publish","type":"post","link":"https:\/\/armstrongyregion.com.ar\/diario\/vialidad-nacional-demarca-la-rn-1v09-en-canada-de-gomez\/","title":{"rendered":"Vialidad Nacional demarca la RN 1V09 en Ca\u00f1ada de G\u00f3mez."},"content":{"rendered":"\n<figure class=\"wp-block-image size-full\"><a href=\"http:\/\/armstrongyregion.com.ar\/diario\/wp-content\/uploads\/2023\/07\/RN-1V09-DEMARCACION-HORIZONTAL-CANADA-DE-GOMEZ-30-6-23-4.jpg\"><img loading=\"lazy\" decoding=\"async\" width=\"400\" height=\"225\" src=\"http:\/\/armstrongyregion.com.ar\/diario\/wp-content\/uploads\/2023\/07\/RN-1V09-DEMARCACION-HORIZONTAL-CANADA-DE-GOMEZ-30-6-23-4.jpg\" alt=\"\" class=\"wp-image-39233\" srcset=\"https:\/\/armstrongyregion.com.ar\/diario\/wp-content\/uploads\/2023\/07\/RN-1V09-DEMARCACION-HORIZONTAL-CANADA-DE-GOMEZ-30-6-23-4.jpg 400w, https:\/\/armstrongyregion.com.ar\/diario\/wp-content\/uploads\/2023\/07\/RN-1V09-DEMARCACION-HORIZONTAL-CANADA-DE-GOMEZ-30-6-23-4-300x169.jpg 300w\" sizes=\"auto, (max-width: 400px) 100vw, 400px\" \/><\/a><\/figure>\n\n\n\n<p>El 7\u00ba Distrito Santa Fe supervisa los trabajos de demarcaci\u00f3n horizontal de la Ruta Nacional N\u00ba 1V09 (Ex 9) en Ca\u00f1ada de G\u00f3mez. Por estos d\u00edas se han completado en la traves\u00eda urbana de la ciudad las sendas peatonales, con las flechas horizontales del sentido de circulaci\u00f3n y giro para los carriles, especialmente en los cruces semaforizados.<\/p>\n\n\n\n<figure class=\"wp-block-image size-full\"><a href=\"http:\/\/armstrongyregion.com.ar\/diario\/wp-content\/uploads\/2023\/07\/RN-1V09-DEMARCACION-HORIZONTAL-CANADA-DE-GOMEZ-30-6-23-5.jpg\"><img loading=\"lazy\" decoding=\"async\" width=\"400\" height=\"225\" src=\"http:\/\/armstrongyregion.com.ar\/diario\/wp-content\/uploads\/2023\/07\/RN-1V09-DEMARCACION-HORIZONTAL-CANADA-DE-GOMEZ-30-6-23-5.jpg\" alt=\"\" class=\"wp-image-39234\" srcset=\"https:\/\/armstrongyregion.com.ar\/diario\/wp-content\/uploads\/2023\/07\/RN-1V09-DEMARCACION-HORIZONTAL-CANADA-DE-GOMEZ-30-6-23-5.jpg 400w, https:\/\/armstrongyregion.com.ar\/diario\/wp-content\/uploads\/2023\/07\/RN-1V09-DEMARCACION-HORIZONTAL-CANADA-DE-GOMEZ-30-6-23-5-300x169.jpg 300w\" sizes=\"auto, (max-width: 400px) 100vw, 400px\" \/><\/a><\/figure>\n\n\n\n<p><\/p>\n\n\n\n<p>Estas mejoras en la seguridad vial continuar\u00e1n en los pr\u00f3ximos d\u00edas en la zona, desde Ca\u00f1ada de G\u00f3mez hacia Rold\u00e1n y tambi\u00e9n hacia Tortugas, para dar demarcaci\u00f3n definitiva a los tramos de RN 1V09 repavimentados dentro de la obra en marcha de recuperaci\u00f3n y mantenimiento que sostiene Vialidad Nacional en esta ruta, desde Rold\u00e1n hasta Bell Ville.<\/p>\n\n\n\n<p>Cabe destacar que la presencia de equipos y personal para el pintado de las l\u00edneas de borde y eje en la calzada produce la reducci\u00f3n de un carril que avanza con el tren de trabajo, por lo que el paso es alternado de una mano por vez.<\/p>\n","protected":false},"excerpt":{"rendered":"<p>El 7\u00ba Distrito Santa Fe supervisa los trabajos de demarcaci\u00f3n horizontal de la Ruta Nacional N\u00ba 1V09 (Ex 9) en Ca\u00f1ada de G\u00f3mez. Por estos d\u00edas se han completado en la traves\u00eda urbana de la ciudad las sendas peatonales, con las flechas horizontales del sentido de circulaci\u00f3n y giro para los carriles, especialmente en los <a href=\"https:\/\/armstrongyregion.com.ar\/diario\/vialidad-nacional-demarca-la-rn-1v09-en-canada-de-gomez\/\" title=\"Read more\" >&#8230;<\/a><\/p>\n","protected":false},"author":1,"featured_media":39233,"comment_status":"open","ping_status":"open","sticky":false,"template":"","format":"image","meta":{"_jetpack_memberships_contains_paid_content":false,"footnotes":"","jetpack_publicize_message":"","jetpack_publicize_feature_enabled":true,"jetpack_social_post_already_shared":true,"jetpack_social_options":{"image_generator_settings":{"template":"highway","default_image_id":0,"enabled":false},"version":2}},"categories":[8,1,2,7,3],"tags":[31,621,9544,2267],"class_list":["post-39232","post","type-post","status-publish","format-image","has-post-thumbnail","hentry","category-deliberando","category-diario-armstrong","category-locales","category-politica","category-region","tag-la","tag-nacional","tag-rn-1v09","tag-vialidad","post_format-post-format-image"],"jetpack_publicize_connections":[],"jetpack_featured_media_url":"https:\/\/armstrongyregion.com.ar\/diario\/wp-content\/uploads\/2023\/07\/RN-1V09-DEMARCACION-HORIZONTAL-CANADA-DE-GOMEZ-30-6-23-4.jpg","jetpack_shortlink":"https:\/\/wp.me\/p62QDO-acM","jetpack_sharing_enabled":true,"amp_enabled":true,"_links":{"self":[{"href":"https:\/\/armstrongyregion.com.ar\/diario\/wp-json\/wp\/v2\/posts\/39232","targetHints":{"allow":["GET"]}}],"collection":[{"href":"https:\/\/armstrongyregion.com.ar\/diario\/wp-json\/wp\/v2\/posts"}],"about":[{"href":"https:\/\/armstrongyregion.com.ar\/diario\/wp-json\/wp\/v2\/types\/post"}],"author":[{"embeddable":true,"href":"https:\/\/armstrongyregion.com.ar\/diario\/wp-json\/wp\/v2\/users\/1"}],"replies":[{"embeddable":true,"href":"https:\/\/armstrongyregion.com.ar\/diario\/wp-json\/wp\/v2\/comments?post=39232"}],"version-history":[{"count":2,"href":"https:\/\/armstrongyregion.com.ar\/diario\/wp-json\/wp\/v2\/posts\/39232\/revisions"}],"predecessor-version":[{"id":39236,"href":"https:\/\/armstrongyregion.com.ar\/diario\/wp-json\/wp\/v2\/posts\/39232\/revisions\/39236"}],"wp:featuredmedia":[{"embeddable":true,"href":"https:\/\/armstrongyregion.com.ar\/diario\/wp-json\/wp\/v2\/media\/39233"}],"wp:attachment":[{"href":"https:\/\/armstrongyregion.com.ar\/diario\/wp-json\/wp\/v2\/media?parent=39232"}],"wp:term":[{"taxonomy":"category","embeddable":true,"href":"https:\/\/armstrongyregion.com.ar\/diario\/wp-json\/wp\/v2\/categories?post=39232"},{"taxonomy":"post_tag","embeddable":true,"href":"https:\/\/armstrongyregion.com.ar\/diario\/wp-json\/wp\/v2\/tags?post=39232"}],"curies":[{"name":"wp","href":"https:\/\/api.w.org\/{rel}","templated":true}]}}