{"id":39228,"date":"2023-07-01T15:46:47","date_gmt":"2023-07-01T15:46:47","guid":{"rendered":"https:\/\/armstrongyregion.com.ar\/diario\/?p=39228"},"modified":"2023-07-01T15:46:50","modified_gmt":"2023-07-01T15:46:50","slug":"clerici-y-equipo-presentaron-la-feria-del-libro-2023","status":"publish","type":"post","link":"https:\/\/armstrongyregion.com.ar\/diario\/clerici-y-equipo-presentaron-la-feria-del-libro-2023\/","title":{"rendered":"Cl\u00e9rici y equipo presentaron la Feria del Libro 2023."},"content":{"rendered":"\n<figure class=\"wp-block-image size-full\"><a href=\"http:\/\/armstrongyregion.com.ar\/diario\/wp-content\/uploads\/2023\/07\/clerici-feria-libro-.jpg\"><img loading=\"lazy\" decoding=\"async\" width=\"400\" height=\"300\" src=\"http:\/\/armstrongyregion.com.ar\/diario\/wp-content\/uploads\/2023\/07\/clerici-feria-libro-.jpg\" alt=\"\" class=\"wp-image-39229\" srcset=\"https:\/\/armstrongyregion.com.ar\/diario\/wp-content\/uploads\/2023\/07\/clerici-feria-libro-.jpg 400w, https:\/\/armstrongyregion.com.ar\/diario\/wp-content\/uploads\/2023\/07\/clerici-feria-libro--300x225.jpg 300w\" sizes=\"auto, (max-width: 400px) 100vw, 400px\" \/><\/a><\/figure>\n\n\n\n<h2 class=\"wp-block-heading\">La intendenta Stella Cl\u00e9rici acompa\u00f1ada por la secretaria de Educaci\u00f3n, Cultura y Deportes, Raquel Di Paola, y el presidente del Concejo Marcelo Casalegno, presentaron la edici\u00f3n 2023 de la Feria del Libro que llevar\u00e1 el nombre de Cora Renard.<\/h2>\n\n\n\n<p>La Feria &nbsp;se desarrollar\u00e1 del 2 al 9 de julio en el Centro de la Juventud y contar\u00e1 con la presentaci\u00f3n de libros, actividades para ni\u00f1os, narraciones, charlas y talleres. El cronograma de actividades re\u00fane autores locales, escritores destacados y revelaciones, editoriales y artistas; contar\u00e1 con figuras literarias de la escena nacional y ofrecer\u00e1 un espacio de venta de libros con cinco librer\u00edas locales.<\/p>\n\n\n\n<p>\u201cSe trata de uno de los eventos culturales m\u00e1s importante de la regi\u00f3n, para toda la familia. Estamos trabajando en equipo, con una propuesta diversa, para todos los gustos\u201d, expres\u00f3 Cl\u00e9rici.<\/p>\n\n\n\n<p>Entre las propuestas destacadas se encuentra la presencia del fil\u00f3sofo y escritor Dar\u00edo Sztajnszrajber con su libro \u201cEl amor es imposible\u201d, el escritor Eduardo Sacheri que presentar\u00e1 \u201cNosotros en la tormenta\u201d y el periodista Mauro Szeta que brindar\u00e1 una charla abordando los casos policiales m\u00e1s resonantes. Por su parte Casalegno remarc\u00f3: \u201cEstamos orgullosos de este evento muy importante que contar\u00e1 con la visita de establecimientos educativos de la regi\u00f3n\u201d.<\/p>\n\n\n\n<p>La grilla completa se puede consultar en:&nbsp;<a href=\"https:\/\/xn--caadadegomez-bhb.gob.ar\/feria-del-libro\/\" target=\"_blank\" rel=\"noreferrer noopener\">https:\/\/xn--caadadegomez-bhb.gob.ar\/feria-del-libro\/<\/a>&nbsp;y las actividades ser\u00e1n ma\u00f1ana y tarde con entrada libre y gratuita. \u201cSer\u00e1n ocho d\u00edas en donde vamos a disfrutar de much\u00edsimas tem\u00e1ticas para docentes y alumnos, espect\u00e1culos para la familia y la conmemoraci\u00f3n del 9 de julio\u201d, a\u00f1adi\u00f3 Di Paola.<\/p>\n","protected":false},"excerpt":{"rendered":"<p>La intendenta Stella Cl\u00e9rici acompa\u00f1ada por la secretaria de Educaci\u00f3n, Cultura y Deportes, Raquel Di Paola, y el presidente del Concejo Marcelo Casalegno, presentaron la edici\u00f3n 2023 de la Feria del Libro que llevar\u00e1 el nombre de Cora Renard. La Feria &nbsp;se desarrollar\u00e1 del 2 al 9 de julio en el Centro de la Juventud <a href=\"https:\/\/armstrongyregion.com.ar\/diario\/clerici-y-equipo-presentaron-la-feria-del-libro-2023\/\" title=\"Read more\" >&#8230;<\/a><\/p>\n","protected":false},"author":1,"featured_media":39229,"comment_status":"open","ping_status":"open","sticky":false,"template":"","format":"image","meta":{"_jetpack_memberships_contains_paid_content":false,"footnotes":"","jetpack_publicize_message":"","jetpack_publicize_feature_enabled":true,"jetpack_social_post_already_shared":true,"jetpack_social_options":{"image_generator_settings":{"template":"highway","default_image_id":0,"enabled":false},"version":2}},"categories":[8,1,2,7,3],"tags":[9156,53,1406,1725,9542,25],"class_list":["post-39228","post","type-post","status-publish","format-image","has-post-thumbnail","hentry","category-deliberando","category-diario-armstrong","category-locales","category-politica","category-region","tag-clerici-2","tag-del","tag-equipo","tag-feria","tag-libro-2023","tag-presento","post_format-post-format-image"],"jetpack_publicize_connections":[],"jetpack_featured_media_url":"https:\/\/armstrongyregion.com.ar\/diario\/wp-content\/uploads\/2023\/07\/clerici-feria-libro-.jpg","jetpack_shortlink":"https:\/\/wp.me\/p62QDO-acI","jetpack_sharing_enabled":true,"amp_enabled":true,"_links":{"self":[{"href":"https:\/\/armstrongyregion.com.ar\/diario\/wp-json\/wp\/v2\/posts\/39228","targetHints":{"allow":["GET"]}}],"collection":[{"href":"https:\/\/armstrongyregion.com.ar\/diario\/wp-json\/wp\/v2\/posts"}],"about":[{"href":"https:\/\/armstrongyregion.com.ar\/diario\/wp-json\/wp\/v2\/types\/post"}],"author":[{"embeddable":true,"href":"https:\/\/armstrongyregion.com.ar\/diario\/wp-json\/wp\/v2\/users\/1"}],"replies":[{"embeddable":true,"href":"https:\/\/armstrongyregion.com.ar\/diario\/wp-json\/wp\/v2\/comments?post=39228"}],"version-history":[{"count":2,"href":"https:\/\/armstrongyregion.com.ar\/diario\/wp-json\/wp\/v2\/posts\/39228\/revisions"}],"predecessor-version":[{"id":39231,"href":"https:\/\/armstrongyregion.com.ar\/diario\/wp-json\/wp\/v2\/posts\/39228\/revisions\/39231"}],"wp:featuredmedia":[{"embeddable":true,"href":"https:\/\/armstrongyregion.com.ar\/diario\/wp-json\/wp\/v2\/media\/39229"}],"wp:attachment":[{"href":"https:\/\/armstrongyregion.com.ar\/diario\/wp-json\/wp\/v2\/media?parent=39228"}],"wp:term":[{"taxonomy":"category","embeddable":true,"href":"https:\/\/armstrongyregion.com.ar\/diario\/wp-json\/wp\/v2\/categories?post=39228"},{"taxonomy":"post_tag","embeddable":true,"href":"https:\/\/armstrongyregion.com.ar\/diario\/wp-json\/wp\/v2\/tags?post=39228"}],"curies":[{"name":"wp","href":"https:\/\/api.w.org\/{rel}","templated":true}]}}