{"id":39221,"date":"2023-07-01T15:21:50","date_gmt":"2023-07-01T15:21:50","guid":{"rendered":"https:\/\/armstrongyregion.com.ar\/diario\/?p=39221"},"modified":"2023-07-01T15:21:53","modified_gmt":"2023-07-01T15:21:53","slug":"renovacion-por-armtrong-presento-una-minuta-de-reconocimiento-para-el-deportista-donato-mastroianni","status":"publish","type":"post","link":"https:\/\/armstrongyregion.com.ar\/diario\/renovacion-por-armtrong-presento-una-minuta-de-reconocimiento-para-el-deportista-donato-mastroianni\/","title":{"rendered":"Renovaci\u00f3n por Armtrong present\u00f3 una minuta de reconocimiento para el deportista Donato Mastroianni."},"content":{"rendered":"\n<figure class=\"wp-block-image size-full\"><a href=\"http:\/\/armstrongyregion.com.ar\/diario\/wp-content\/uploads\/2023\/07\/emiliano_gramigna_foto_junio-23.jpg\"><img loading=\"lazy\" decoding=\"async\" width=\"603\" height=\"454\" src=\"http:\/\/armstrongyregion.com.ar\/diario\/wp-content\/uploads\/2023\/07\/emiliano_gramigna_foto_junio-23.jpg\" alt=\"\" class=\"wp-image-39222\" srcset=\"https:\/\/armstrongyregion.com.ar\/diario\/wp-content\/uploads\/2023\/07\/emiliano_gramigna_foto_junio-23.jpg 603w, https:\/\/armstrongyregion.com.ar\/diario\/wp-content\/uploads\/2023\/07\/emiliano_gramigna_foto_junio-23-300x226.jpg 300w\" sizes=\"auto, (max-width: 603px) 100vw, 603px\" \/><\/a><\/figure>\n\n\n\n<p>Al t\u00e9rmino de la \u00fcltima sesi\u00f3n ordinaria del concejo deliberante, Emiliano Gramigna expresaba: \u201cEn la noche de hoy presentamos cuatro proyectos, una minuta de declaraci\u00f3n y tres proyectos de ordenana que perdieron estado parlamentario.<\/p>\n\n\n\n<p>En la minuta de declaracion solicitamos un reconocimiento a Donato Mastroianni, joven patinador de nuestar ciudad que tuvo un desempe\u00f1o exitoso a nivel nacional e internacional quien nos llena de orgullo. Este es un ejemplo que hay que mostrar ya que a trav\u00e9s del deporte se transmiten valores, respeto y un monton de cosas que exceden a la disciplina en s\u00ed y creo que Donato fue de una generaci\u00f3n de armstronenses que tienen habilidades muy buenas en el deporte y los tenemos que acompa\u00f1ar no solamente con la asistencia de becas deportivas o de alto rendimiento, sino tambi\u00e9n reconocerlo para que la ciudad sepa de los logros de nuestros j\u00f3venes\u201d.<\/p>\n\n\n\n<p>Luego a\u00f1adi\u00f3: \u201cTambien presentamos 3 ordenanzas que perdieron estado parlamentario:<\/p>\n\n\n\n<p>una tiene que ver con la creacion del centro de asistencia escolar;<\/p>\n\n\n\n<p>la segunda se trata de la creaci\u00f3n del centro de asistencia escolar municipal. Y finalmente solicitamos la creacion del area de proteccion de la salud mental\u201d. Informaba el edil.<\/p>\n","protected":false},"excerpt":{"rendered":"<p>Al t\u00e9rmino de la \u00fcltima sesi\u00f3n ordinaria del concejo deliberante, Emiliano Gramigna expresaba: \u201cEn la noche de hoy presentamos cuatro proyectos, una minuta de declaraci\u00f3n y tres proyectos de ordenana que perdieron estado parlamentario. En la minuta de declaracion solicitamos un reconocimiento a Donato Mastroianni, joven patinador de nuestar ciudad que tuvo un desempe\u00f1o exitoso <a href=\"https:\/\/armstrongyregion.com.ar\/diario\/renovacion-por-armtrong-presento-una-minuta-de-reconocimiento-para-el-deportista-donato-mastroianni\/\" title=\"Read more\" >&#8230;<\/a><\/p>\n","protected":false},"author":1,"featured_media":39222,"comment_status":"open","ping_status":"open","sticky":false,"template":"","format":"image","meta":{"_jetpack_memberships_contains_paid_content":false,"footnotes":"","jetpack_publicize_message":"","jetpack_publicize_feature_enabled":true,"jetpack_social_post_already_shared":true,"jetpack_social_options":{"image_generator_settings":{"template":"highway","default_image_id":0,"enabled":false},"version":2}},"categories":[8,1,2,7,3],"tags":[20,19,9539,9540,60,1296,762],"class_list":["post-39221","post","type-post","status-publish","format-image","has-post-thumbnail","hentry","category-deliberando","category-diario-armstrong","category-locales","category-politica","category-region","tag-armstrong","tag-de","tag-donato","tag-mastroianni","tag-por","tag-reconocimiento","tag-renovacion","post_format-post-format-image"],"jetpack_publicize_connections":[],"jetpack_featured_media_url":"https:\/\/armstrongyregion.com.ar\/diario\/wp-content\/uploads\/2023\/07\/emiliano_gramigna_foto_junio-23.jpg","jetpack_shortlink":"https:\/\/wp.me\/p62QDO-acB","jetpack_sharing_enabled":true,"amp_enabled":true,"_links":{"self":[{"href":"https:\/\/armstrongyregion.com.ar\/diario\/wp-json\/wp\/v2\/posts\/39221","targetHints":{"allow":["GET"]}}],"collection":[{"href":"https:\/\/armstrongyregion.com.ar\/diario\/wp-json\/wp\/v2\/posts"}],"about":[{"href":"https:\/\/armstrongyregion.com.ar\/diario\/wp-json\/wp\/v2\/types\/post"}],"author":[{"embeddable":true,"href":"https:\/\/armstrongyregion.com.ar\/diario\/wp-json\/wp\/v2\/users\/1"}],"replies":[{"embeddable":true,"href":"https:\/\/armstrongyregion.com.ar\/diario\/wp-json\/wp\/v2\/comments?post=39221"}],"version-history":[{"count":1,"href":"https:\/\/armstrongyregion.com.ar\/diario\/wp-json\/wp\/v2\/posts\/39221\/revisions"}],"predecessor-version":[{"id":39223,"href":"https:\/\/armstrongyregion.com.ar\/diario\/wp-json\/wp\/v2\/posts\/39221\/revisions\/39223"}],"wp:featuredmedia":[{"embeddable":true,"href":"https:\/\/armstrongyregion.com.ar\/diario\/wp-json\/wp\/v2\/media\/39222"}],"wp:attachment":[{"href":"https:\/\/armstrongyregion.com.ar\/diario\/wp-json\/wp\/v2\/media?parent=39221"}],"wp:term":[{"taxonomy":"category","embeddable":true,"href":"https:\/\/armstrongyregion.com.ar\/diario\/wp-json\/wp\/v2\/categories?post=39221"},{"taxonomy":"post_tag","embeddable":true,"href":"https:\/\/armstrongyregion.com.ar\/diario\/wp-json\/wp\/v2\/tags?post=39221"}],"curies":[{"name":"wp","href":"https:\/\/api.w.org\/{rel}","templated":true}]}}