{"id":39217,"date":"2023-06-30T13:13:45","date_gmt":"2023-06-30T13:13:45","guid":{"rendered":"https:\/\/armstrongyregion.com.ar\/diario\/?p=39217"},"modified":"2023-06-30T13:13:49","modified_gmt":"2023-06-30T13:13:49","slug":"el-senador-cornaglia-se-refirio-a-su-proyecto-de-beneficio-jubilatorio-para-el-personal-de-salud-que-trabajo-en-pandemia","status":"publish","type":"post","link":"https:\/\/armstrongyregion.com.ar\/diario\/el-senador-cornaglia-se-refirio-a-su-proyecto-de-beneficio-jubilatorio-para-el-personal-de-salud-que-trabajo-en-pandemia\/","title":{"rendered":"El Senador Cornaglia se refiri\u00f3 a su proyecto de beneficio jubilatorio para el personal de salud que trabaj\u00f3 en pandemia."},"content":{"rendered":"\n<figure class=\"wp-block-image size-full\"><a href=\"http:\/\/armstrongyregion.com.ar\/diario\/wp-content\/uploads\/2023\/06\/CORNAGLIA-AMRA.jpg\"><img loading=\"lazy\" decoding=\"async\" width=\"400\" height=\"225\" src=\"http:\/\/armstrongyregion.com.ar\/diario\/wp-content\/uploads\/2023\/06\/CORNAGLIA-AMRA.jpg\" alt=\"\" class=\"wp-image-39218\" srcset=\"https:\/\/armstrongyregion.com.ar\/diario\/wp-content\/uploads\/2023\/06\/CORNAGLIA-AMRA.jpg 400w, https:\/\/armstrongyregion.com.ar\/diario\/wp-content\/uploads\/2023\/06\/CORNAGLIA-AMRA-300x169.jpg 300w\" sizes=\"auto, (max-width: 400px) 100vw, 400px\" \/><\/a><\/figure>\n\n\n\n<h2 class=\"wp-block-heading\">El senador provincial Guillermo Cornaglia volvi\u00f3 a ingresar un proyecto de ley de su autor\u00eda para instituir un r\u00e9gimen previsional de car\u00e1cter extraordinario para el personal de la salud que desempe\u00f1\u00f3 funciones en hospitales y centros de salud p\u00fablicos de la provincia durante la pandemia.<\/h2>\n\n\n\n<p>Guillermo Cornaglia record\u00f3 que lo hab\u00edan presentado inmediatamente cuando se produjo la pandemia, pero la normativa hab\u00eda perdido estado parlamentario por lo que volvieron a insistir en la \u00faltima sesi\u00f3n. \u201cEs un reconocimiento de tres por uno para todos aquellos trabajadores de la salud que estuvieron involucrados en \u00e9poca de pandemia, que por ese lapso de tiempo tengan un reconocimiento de tres por uno en el momento de jubilarse\u201d, manifest\u00f3.<\/p>\n\n\n\n<p>El legislador por el departamento Belgrano argument\u00f3 que volvieron a insistir y que ya hablaron con los gremios correspondientes.&nbsp; \u201cEstamos convencidos de que todas aquellas personas que trabajaron en \u00e9poca de pandemia deben tener un reconocimiento, porque no nos olvidemos que cuando muchos no pod\u00edan salir de sus casas ellos arriesgaban sus propias vidas y la de sus familiares para trabajar por cada uno de nosotros\u201d, agreg\u00f3.<\/p>\n\n\n\n<p>En la presentaci\u00f3n anterior el senador hab\u00eda expresado que el Estado debe procurar pol\u00edticas activas para proteger la salud e integridad psicof\u00edsica de sus trabajadores y trabajadoras, adem\u00e1s de generar un sistema especial en materia previsional que les permita obtener el beneficio jubilatorio de tres por uno a quienes estuvieron expuestos.<\/p>\n\n\n\n<p>Adem\u00e1s, en esa oportunidad Cornaglia hab\u00eda fundamentado su iniciativa para \u201ccompensar el enorme trabajo realizado durante la pandemia por parte del personal de la salud, a quienes les fue requerido un esfuerzo mayor que ha generado un estr\u00e9s at\u00edpico y un cansancio singular\u201d, as\u00ed como tambi\u00e9n ante la falta o escasez de medios, la mayor carga horaria debido a la desbordada demanda asistencial, las licencias por contagio de las y los colegas, y los turnos laborales interminables, sin descanso, que han producido un fuerte impacto en las y los profesionales de la salud, entre otros motivos de igual compromiso.<\/p>\n","protected":false},"excerpt":{"rendered":"<p>El senador provincial Guillermo Cornaglia volvi\u00f3 a ingresar un proyecto de ley de su autor\u00eda para instituir un r\u00e9gimen previsional de car\u00e1cter extraordinario para el personal de la salud que desempe\u00f1\u00f3 funciones en hospitales y centros de salud p\u00fablicos de la provincia durante la pandemia. Guillermo Cornaglia record\u00f3 que lo hab\u00edan presentado inmediatamente cuando se <a href=\"https:\/\/armstrongyregion.com.ar\/diario\/el-senador-cornaglia-se-refirio-a-su-proyecto-de-beneficio-jubilatorio-para-el-personal-de-salud-que-trabajo-en-pandemia\/\" title=\"Read more\" >&#8230;<\/a><\/p>\n","protected":false},"author":1,"featured_media":39218,"comment_status":"open","ping_status":"open","sticky":false,"template":"","format":"image","meta":{"_jetpack_memberships_contains_paid_content":false,"footnotes":"","jetpack_publicize_message":"","jetpack_publicize_feature_enabled":true,"jetpack_social_post_already_shared":true,"jetpack_social_options":{"image_generator_settings":{"template":"highway","default_image_id":0,"enabled":false},"version":2}},"categories":[8,1,2,7,3],"tags":[33,2261,1324,19,9538,639,86],"class_list":["post-39217","post","type-post","status-publish","format-image","has-post-thumbnail","hentry","category-deliberando","category-diario-armstrong","category-locales","category-politica","category-region","tag-a","tag-beneficio","tag-cornaglia","tag-de","tag-jubilatorio","tag-proyecto","tag-se","post_format-post-format-image"],"jetpack_publicize_connections":[],"jetpack_featured_media_url":"https:\/\/armstrongyregion.com.ar\/diario\/wp-content\/uploads\/2023\/06\/CORNAGLIA-AMRA.jpg","jetpack_shortlink":"https:\/\/wp.me\/p62QDO-acx","jetpack_sharing_enabled":true,"amp_enabled":true,"_links":{"self":[{"href":"https:\/\/armstrongyregion.com.ar\/diario\/wp-json\/wp\/v2\/posts\/39217","targetHints":{"allow":["GET"]}}],"collection":[{"href":"https:\/\/armstrongyregion.com.ar\/diario\/wp-json\/wp\/v2\/posts"}],"about":[{"href":"https:\/\/armstrongyregion.com.ar\/diario\/wp-json\/wp\/v2\/types\/post"}],"author":[{"embeddable":true,"href":"https:\/\/armstrongyregion.com.ar\/diario\/wp-json\/wp\/v2\/users\/1"}],"replies":[{"embeddable":true,"href":"https:\/\/armstrongyregion.com.ar\/diario\/wp-json\/wp\/v2\/comments?post=39217"}],"version-history":[{"count":1,"href":"https:\/\/armstrongyregion.com.ar\/diario\/wp-json\/wp\/v2\/posts\/39217\/revisions"}],"predecessor-version":[{"id":39219,"href":"https:\/\/armstrongyregion.com.ar\/diario\/wp-json\/wp\/v2\/posts\/39217\/revisions\/39219"}],"wp:featuredmedia":[{"embeddable":true,"href":"https:\/\/armstrongyregion.com.ar\/diario\/wp-json\/wp\/v2\/media\/39218"}],"wp:attachment":[{"href":"https:\/\/armstrongyregion.com.ar\/diario\/wp-json\/wp\/v2\/media?parent=39217"}],"wp:term":[{"taxonomy":"category","embeddable":true,"href":"https:\/\/armstrongyregion.com.ar\/diario\/wp-json\/wp\/v2\/categories?post=39217"},{"taxonomy":"post_tag","embeddable":true,"href":"https:\/\/armstrongyregion.com.ar\/diario\/wp-json\/wp\/v2\/tags?post=39217"}],"curies":[{"name":"wp","href":"https:\/\/api.w.org\/{rel}","templated":true}]}}