{"id":39203,"date":"2023-06-29T01:42:15","date_gmt":"2023-06-29T01:42:15","guid":{"rendered":"https:\/\/armstrongyregion.com.ar\/diario\/?p=39203"},"modified":"2023-06-29T01:42:17","modified_gmt":"2023-06-29T01:42:17","slug":"asumieron-las-nuevas-autoridades-de-la-unidad-regional-iii","status":"publish","type":"post","link":"https:\/\/armstrongyregion.com.ar\/diario\/asumieron-las-nuevas-autoridades-de-la-unidad-regional-iii\/","title":{"rendered":"Asumieron las nuevas autoridades de la Unidad Regional III."},"content":{"rendered":"\n<figure class=\"wp-block-image size-full\"><a href=\"http:\/\/armstrongyregion.com.ar\/diario\/wp-content\/uploads\/2023\/06\/THE-POLIS-NUEVOS-.jpg\"><img loading=\"lazy\" decoding=\"async\" width=\"540\" height=\"309\" src=\"http:\/\/armstrongyregion.com.ar\/diario\/wp-content\/uploads\/2023\/06\/THE-POLIS-NUEVOS-.jpg\" alt=\"\" class=\"wp-image-39204\" srcset=\"https:\/\/armstrongyregion.com.ar\/diario\/wp-content\/uploads\/2023\/06\/THE-POLIS-NUEVOS-.jpg 540w, https:\/\/armstrongyregion.com.ar\/diario\/wp-content\/uploads\/2023\/06\/THE-POLIS-NUEVOS--300x172.jpg 300w\" sizes=\"auto, (max-width: 540px) 100vw, 540px\" \/><\/a><\/figure>\n\n\n\n<h2 class=\"wp-block-heading\">\u201cLa seguridad tenemos que hacerla entre todos\u201d asegur\u00f3 nuevo Jefe Mart\u00edn Far\u00edas.<\/h2>\n\n\n\n<p>\u00abFui designado a cargo de la URIII, el objetivo es seguir trabajando de la misma forma solamente que en otro puesto, en esta oportunidad me va a acompa\u00f1ar el Dir. Fabian Chamorro quien asumi\u00f3 como Sub Jefe.<\/p>\n\n\n\n<p>Sinceramente todav\u00eda no esperaba este nombramiento pero el desaf\u00edo esta planteado y lo hemos aceptado, vamos a poner lo mejor de cada uno para poder llevar la gesti\u00f3n adelante.<\/p>\n\n\n\n<p>El desaf\u00edo es algo lindo y sobre todo este desaf\u00edo , llevo 26 a\u00f1os de carrera de los cuales 23 en la Unidad Regional uno fue quemando distintas etapas y siempre espera a llegar a lo mas posible y en este caso se me dio como Jefe de Unidad Regional\u00bb, expreso Far\u00edas.<\/p>\n\n\n\n<p>Por su parte el Sub Jefe Fabian Chamorro dijo, \u00abme toco estar en una gesti\u00f3n anterior, viv\u00ed en Las Rosas un tiempo y bueno retorne con el cargo de sub jefe y con la impronta de trabajar juntos y ver que podemos aportar a esta nueva gesti\u00f3n\u00bb.\u00a0<\/p>\n\n\n\n<figure class=\"wp-block-embed is-type-video is-provider-youtube wp-block-embed-youtube wp-embed-aspect-16-9 wp-has-aspect-ratio\"><div class=\"wp-block-embed__wrapper\">\n<iframe loading=\"lazy\" title=\"27-06-23 Nota Mart\u00edn Far\u00edas \u2013 Jefe \/ Fabi\u00e1n Chamorro \u2013 Subjefe\" width=\"800\" height=\"450\" src=\"https:\/\/www.youtube.com\/embed\/mhwSzvhRFWo?feature=oembed\" frameborder=\"0\" allow=\"accelerometer; autoplay; clipboard-write; encrypted-media; gyroscope; picture-in-picture; web-share\" allowfullscreen><\/iframe>\n<\/div><\/figure>\n\n\n\n<p>Fuente: Renacer FM<\/p>\n","protected":false},"excerpt":{"rendered":"<p>\u201cLa seguridad tenemos que hacerla entre todos\u201d asegur\u00f3 nuevo Jefe Mart\u00edn Far\u00edas. \u00abFui designado a cargo de la URIII, el objetivo es seguir trabajando de la misma forma solamente que en otro puesto, en esta oportunidad me va a acompa\u00f1ar el Dir. Fabian Chamorro quien asumi\u00f3 como Sub Jefe. Sinceramente todav\u00eda no esperaba este nombramiento <a href=\"https:\/\/armstrongyregion.com.ar\/diario\/asumieron-las-nuevas-autoridades-de-la-unidad-regional-iii\/\" title=\"Read more\" >&#8230;<\/a><\/p>\n","protected":false},"author":1,"featured_media":39204,"comment_status":"open","ping_status":"open","sticky":false,"template":"","format":"image","meta":{"_jetpack_memberships_contains_paid_content":false,"footnotes":"","jetpack_publicize_message":"","jetpack_publicize_feature_enabled":true,"jetpack_social_post_already_shared":true,"jetpack_social_options":{"image_generator_settings":{"template":"highway","default_image_id":0,"enabled":false},"version":2}},"categories":[8,1,2,7,3],"tags":[9527,857,15,350,9528],"class_list":["post-39203","post","type-post","status-publish","format-image","has-post-thumbnail","hentry","category-deliberando","category-diario-armstrong","category-locales","category-politica","category-region","tag-asumieron","tag-autoridades","tag-en","tag-nuevas","tag-unidad-regional-iii","post_format-post-format-image"],"jetpack_publicize_connections":[],"jetpack_featured_media_url":"https:\/\/armstrongyregion.com.ar\/diario\/wp-content\/uploads\/2023\/06\/THE-POLIS-NUEVOS-.jpg","jetpack_shortlink":"https:\/\/wp.me\/p62QDO-acj","jetpack_sharing_enabled":true,"amp_enabled":true,"_links":{"self":[{"href":"https:\/\/armstrongyregion.com.ar\/diario\/wp-json\/wp\/v2\/posts\/39203","targetHints":{"allow":["GET"]}}],"collection":[{"href":"https:\/\/armstrongyregion.com.ar\/diario\/wp-json\/wp\/v2\/posts"}],"about":[{"href":"https:\/\/armstrongyregion.com.ar\/diario\/wp-json\/wp\/v2\/types\/post"}],"author":[{"embeddable":true,"href":"https:\/\/armstrongyregion.com.ar\/diario\/wp-json\/wp\/v2\/users\/1"}],"replies":[{"embeddable":true,"href":"https:\/\/armstrongyregion.com.ar\/diario\/wp-json\/wp\/v2\/comments?post=39203"}],"version-history":[{"count":1,"href":"https:\/\/armstrongyregion.com.ar\/diario\/wp-json\/wp\/v2\/posts\/39203\/revisions"}],"predecessor-version":[{"id":39205,"href":"https:\/\/armstrongyregion.com.ar\/diario\/wp-json\/wp\/v2\/posts\/39203\/revisions\/39205"}],"wp:featuredmedia":[{"embeddable":true,"href":"https:\/\/armstrongyregion.com.ar\/diario\/wp-json\/wp\/v2\/media\/39204"}],"wp:attachment":[{"href":"https:\/\/armstrongyregion.com.ar\/diario\/wp-json\/wp\/v2\/media?parent=39203"}],"wp:term":[{"taxonomy":"category","embeddable":true,"href":"https:\/\/armstrongyregion.com.ar\/diario\/wp-json\/wp\/v2\/categories?post=39203"},{"taxonomy":"post_tag","embeddable":true,"href":"https:\/\/armstrongyregion.com.ar\/diario\/wp-json\/wp\/v2\/tags?post=39203"}],"curies":[{"name":"wp","href":"https:\/\/api.w.org\/{rel}","templated":true}]}}